{"success":true,"html":"        \n\u003Cli class=\u0022comment  d-flex flex-column gap-2 border-bottom border-dark-subtle pb-4\u0022 id=\u0022comment-88224\u0022\u003E\n    \u003Cdiv class=\u0022d-flex flex-column gap-2\u0022\u003E\n        \u003Cdiv class=\u0022d-flex align-items-center gap-075\u0022\u003E\n            \n    \n\u003Cdiv class=\u0022user-avatar p-0 user-avatar--small\u0022\u003E\n            \u003Ca href=\u0022#\u0022\n   title=\u0022Visualizza profilo utente.\u0022\n   class=\u0022user-avatar p-0 user-avatar--small\u0022\n\u003E\n                    \u003Cimg data-ot-ignore src=\u0022\/user\/picture\/0\/thumb_7070\u0022 alt=\u0022\u0022 class=\u0022user_avatar w-100 h-100 rounded-pill invisible\u0022 onload=\u0022this.classList.remove(\u0027invisible\u0027)\u0022\u003E\n            \u003C\/a\u003E\n    \u003C\/div\u003E\n\n\n                \n\u003Cdiv class=\u0022\u0022\u003E\n    \u003Ca href=\u0022#\u0022\n   title=\u0022 Ospite - Visualizza profilo utente.\u0022\n   class=\u0022fw-bold\u0022\n\u003E\n                        Ospite\n            \u003C\/a\u003E\n\u003C\/div\u003E\n            \u003Cdiv class=\u0022text-black-50\u0022\u003E\n                6. marzo 2012 - 09:40\n            \u003C\/div\u003E\n        \u003C\/div\u003E\n                                \u003Cdiv class=\u0022content commentContent text-break\u0022\u003E\n                        \u003Cp id=\u0022comment-content-88224\u0022\u003E\n                \u003Cp\u003E\u003Cblockquote\u003E\u003Csmall\u003Esilvia.80\u003C\/small\u003E\u003C\/p\u003E\u003Cp\u003EGrazie di cuore iaia50, prover\u00f2 sicuramente! Giusto per regolarmi, tu solitamente le torte \u0022normali\u0022, ovvero con uova e burro come le cuoci nel tuo forno? Io solitamente faccio 45 minuti a 175\u00b0...\u003C\/p\u003E\u003Cp\u003E\u003C\/blockquote\u003E\u003C\/p\u003E\u003Cp\u003EIo col mio turboforno, devo tenere la prima mezz\u0027ora a 150 per finire a 170. Il tempo \u00e8 quello, poi ci sono torte tipo con la frutta, quella cioccolato e pere che vanno a 1 ora. Cuocio sempre statico, perch\u00e8 il ventilato f\u00e0 la crosta e a volte dentro rimane molliccia.\u003C\/p\u003E\n            \u003C\/p\u003E\n        \u003C\/div\u003E\n    \u003C\/div\u003E\n\n            \n        \n\n\n    \n\n\u003Cul class=\u0022commentActions d-flex gap-3 text-primary\u0022\u003E\n            \u003Cli\u003E\n                        \u003Ca\n            href=\u0022javascript:;\u0022\n            rel=\u0022no-follow\u0022\n            class=\u0022loginRequire text-primary fw-medium d-flex align-items-center gap-1\u0022\n            title=\u0022Accedi`\u0022\n                                            \u003E\n    \n                    \u003Cspan class=\u0022icon-user\u0022\u003E\u003C\/span\u003E\n                \u003Cspan class=\u0022\u0022\u003EAccedi\u003C\/span\u003E\n\n            \u003C\/a\u003E\n    \n        \u003C\/li\u003E\n            \u003Cli\u003E\n                \n                \u003Cspan class=\u0022\u0022\u003Eo\u003C\/span\u003E\n\n            \u003C\/a\u003E\n    \n        \u003C\/li\u003E\n            \u003Cli\u003E\n                        \u003Ca\n            href=\u0022javascript:;\u0022\n            rel=\u0022no-follow\u0022\n            class=\u0022loginRequire text-primary fw-medium d-flex align-items-center gap-1\u0022\n            title=\u0022registrati`\u0022\n                                            \u003E\n    \n                    \u003Cspan class=\u0022icon-user\u0022\u003E\u003C\/span\u003E\n                \u003Cspan class=\u0022\u0022\u003Eregistrati\u003C\/span\u003E\n\n            \u003C\/a\u003E\n    \n        \u003C\/li\u003E\n    \u003C\/ul\u003E\n\n\n\n\n\n\n\n\n\n\n\n    \u003C\/li\u003E\n        \n\u003Cli class=\u0022comment  d-flex flex-column gap-2 border-bottom border-dark-subtle pb-4\u0022 id=\u0022comment-88206\u0022\u003E\n    \u003Cdiv class=\u0022d-flex flex-column gap-2\u0022\u003E\n        \u003Cdiv class=\u0022d-flex align-items-center gap-075\u0022\u003E\n            \n    \n\u003Cdiv class=\u0022user-avatar p-0 user-avatar--small\u0022\u003E\n            \u003Ca href=\u0022#\u0022\n   title=\u0022Visualizza profilo utente.\u0022\n   class=\u0022user-avatar p-0 user-avatar--small\u0022\n\u003E\n                    \u003Cimg data-ot-ignore src=\u0022\/user\/picture\/0\/thumb_7070\u0022 alt=\u0022\u0022 class=\u0022user_avatar w-100 h-100 rounded-pill invisible\u0022 onload=\u0022this.classList.remove(\u0027invisible\u0027)\u0022\u003E\n            \u003C\/a\u003E\n    \u003C\/div\u003E\n\n\n                \n\u003Cdiv class=\u0022\u0022\u003E\n    \u003Ca href=\u0022#\u0022\n   title=\u0022 Ospite - Visualizza profilo utente.\u0022\n   class=\u0022fw-bold\u0022\n\u003E\n                        Ospite\n            \u003C\/a\u003E\n\u003C\/div\u003E\n            \u003Cdiv class=\u0022text-black-50\u0022\u003E\n                6. marzo 2012 - 08:40\n            \u003C\/div\u003E\n        \u003C\/div\u003E\n                                \u003Cdiv class=\u0022content commentContent text-break\u0022\u003E\n                        \u003Cp id=\u0022comment-content-88206\u0022\u003E\n                \u003Cp\u003EGrazie di cuore iaia50, prover\u00f2 sicuramente! Giusto per regolarmi, tu solitamente le torte \u0022normali\u0022, ovvero con uova e burro come le cuoci nel tuo forno? Io solitamente faccio 45 minuti a 175\u00b0...\u003C\/p\u003E\n            \u003C\/p\u003E\n        \u003C\/div\u003E\n    \u003C\/div\u003E\n\n            \n        \n\n\n    \n\n\u003Cul class=\u0022commentActions d-flex gap-3 text-primary\u0022\u003E\n            \u003Cli\u003E\n                        \u003Ca\n            href=\u0022javascript:;\u0022\n            rel=\u0022no-follow\u0022\n            class=\u0022loginRequire text-primary fw-medium d-flex align-items-center gap-1\u0022\n            title=\u0022Accedi`\u0022\n                                            \u003E\n    \n                    \u003Cspan class=\u0022icon-user\u0022\u003E\u003C\/span\u003E\n                \u003Cspan class=\u0022\u0022\u003EAccedi\u003C\/span\u003E\n\n            \u003C\/a\u003E\n    \n        \u003C\/li\u003E\n            \u003Cli\u003E\n                \n                \u003Cspan class=\u0022\u0022\u003Eo\u003C\/span\u003E\n\n            \u003C\/a\u003E\n    \n        \u003C\/li\u003E\n            \u003Cli\u003E\n                        \u003Ca\n            href=\u0022javascript:;\u0022\n            rel=\u0022no-follow\u0022\n            class=\u0022loginRequire text-primary fw-medium d-flex align-items-center gap-1\u0022\n            title=\u0022registrati`\u0022\n                                            \u003E\n    \n                    \u003Cspan class=\u0022icon-user\u0022\u003E\u003C\/span\u003E\n                \u003Cspan class=\u0022\u0022\u003Eregistrati\u003C\/span\u003E\n\n            \u003C\/a\u003E\n    \n        \u003C\/li\u003E\n    \u003C\/ul\u003E\n\n\n\n\n\n\n\n\n\n\n\n    \u003C\/li\u003E\n        \n\u003Cli class=\u0022comment  d-flex flex-column gap-2 border-bottom border-dark-subtle pb-4\u0022 id=\u0022comment-88164\u0022\u003E\n    \u003Cdiv class=\u0022d-flex flex-column gap-2\u0022\u003E\n        \u003Cdiv class=\u0022d-flex align-items-center gap-075\u0022\u003E\n            \n    \n\u003Cdiv class=\u0022user-avatar p-0 user-avatar--small\u0022\u003E\n            \u003Ca href=\u0022#\u0022\n   title=\u0022Visualizza profilo utente.\u0022\n   class=\u0022user-avatar p-0 user-avatar--small\u0022\n\u003E\n                    \u003Cimg data-ot-ignore src=\u0022\/user\/picture\/0\/thumb_7070\u0022 alt=\u0022\u0022 class=\u0022user_avatar w-100 h-100 rounded-pill invisible\u0022 onload=\u0022this.classList.remove(\u0027invisible\u0027)\u0022\u003E\n            \u003C\/a\u003E\n    \u003C\/div\u003E\n\n\n                \n\u003Cdiv class=\u0022\u0022\u003E\n    \u003Ca href=\u0022#\u0022\n   title=\u0022 Ospite - Visualizza profilo utente.\u0022\n   class=\u0022fw-bold\u0022\n\u003E\n                        Ospite\n            \u003C\/a\u003E\n\u003C\/div\u003E\n            \u003Cdiv class=\u0022text-black-50\u0022\u003E\n                5. marzo 2012 - 21:34\n            \u003C\/div\u003E\n        \u003C\/div\u003E\n                                \u003Cdiv class=\u0022content commentContent text-break\u0022\u003E\n                        \u003Cp id=\u0022comment-content-88164\u0022\u003E\n                \u003Cp\u003E\u003Cblockquote\u003E\u003Csmall\u003Esilvia.80\u003C\/small\u003E\u003C\/p\u003E\u003Cp\u003EHo un forno normalissimo della smeg, di quelli \u0022soliti\u0022 che ci pi\u00f9 o meno uguali i tutte le cucine, ed era gi\u00e0 i temperatura (160 statico) da un buon quarto d\u0027ora quando l\u0027ho infornata. Dopo 30 minuti ho fatto la prova stecchino ma, credimi, \u00e8 stato come immergerlo nel latte e nesquik. Allora ho proseguito per altri 30 minuti alzando la temperatura a 180, ha fatto un po\u0027 di crosticina fuori ma dentro era ancora completamente cruda e molto molto gommosa. Vorrei provare a rifarla ma se non capisco dove sta l\u0027inghippo devo buttare via tutto un\u0027altra volta e mi spiacerebbe! Baci\u003C\/p\u003E\u003Cp\u003E\u003C\/blockquote\u003E\u003C\/p\u003E\u003Cp\u003ESilvia se vuoi ti passo un\u0027altra variante, consolidata\u003C\/p\u003E\u003Cp\u003Ehttp:\/\/www.ricettario-bimby.it\/ricetta\/4061\/torta-al-cioccolato-senza-uova-e-burro.html\u003C\/p\u003E\u003Cp\u003Ee per decorarla:\u003C\/p\u003E\u003Cp\u003Ehttp:\/\/www.ricettario-bimby.it\/bimby\/le-nostre-decorazioni\/15984\/toc-toc-i-decori-salva-imbranate.html\u003C\/p\u003E\u003Cp\u003Ealmeno hai anche qualche inserto fotografico!!\u003C\/p\u003E\u003Cp\u003EPer il forno, dipende dal forno, il mio folgora gi\u00e0 a 150\u00b0, per\u00f2 per una torta cos\u00ec ci pu\u00f2 volere anche 1 ora per cuocerla bene, fai la prova stecchino dopo 45 minuti e valuti.\u003C\/p\u003E\n            \u003C\/p\u003E\n        \u003C\/div\u003E\n    \u003C\/div\u003E\n\n            \n        \n\n\n    \n\n\u003Cul class=\u0022commentActions d-flex gap-3 text-primary\u0022\u003E\n            \u003Cli\u003E\n                        \u003Ca\n            href=\u0022javascript:;\u0022\n            rel=\u0022no-follow\u0022\n            class=\u0022loginRequire text-primary fw-medium d-flex align-items-center gap-1\u0022\n            title=\u0022Accedi`\u0022\n                                            \u003E\n    \n                    \u003Cspan class=\u0022icon-user\u0022\u003E\u003C\/span\u003E\n                \u003Cspan class=\u0022\u0022\u003EAccedi\u003C\/span\u003E\n\n            \u003C\/a\u003E\n    \n        \u003C\/li\u003E\n            \u003Cli\u003E\n                \n                \u003Cspan class=\u0022\u0022\u003Eo\u003C\/span\u003E\n\n            \u003C\/a\u003E\n    \n        \u003C\/li\u003E\n            \u003Cli\u003E\n                        \u003Ca\n            href=\u0022javascript:;\u0022\n            rel=\u0022no-follow\u0022\n            class=\u0022loginRequire text-primary fw-medium d-flex align-items-center gap-1\u0022\n            title=\u0022registrati`\u0022\n                                            \u003E\n    \n                    \u003Cspan class=\u0022icon-user\u0022\u003E\u003C\/span\u003E\n                \u003Cspan class=\u0022\u0022\u003Eregistrati\u003C\/span\u003E\n\n            \u003C\/a\u003E\n    \n        \u003C\/li\u003E\n    \u003C\/ul\u003E\n\n\n\n\n\n\n\n\n\n\n\n    \u003C\/li\u003E\n        \n\u003Cli class=\u0022comment  d-flex flex-column gap-2 border-bottom border-dark-subtle pb-4\u0022 id=\u0022comment-88070\u0022\u003E\n    \u003Cdiv class=\u0022d-flex flex-column gap-2\u0022\u003E\n        \u003Cdiv class=\u0022d-flex align-items-center gap-075\u0022\u003E\n            \n    \n\u003Cdiv class=\u0022user-avatar p-0 user-avatar--small\u0022\u003E\n            \u003Ca href=\u0022#\u0022\n   title=\u0022Visualizza profilo utente.\u0022\n   class=\u0022user-avatar p-0 user-avatar--small\u0022\n\u003E\n                    \u003Cimg data-ot-ignore src=\u0022\/user\/picture\/0\/thumb_7070\u0022 alt=\u0022\u0022 class=\u0022user_avatar w-100 h-100 rounded-pill invisible\u0022 onload=\u0022this.classList.remove(\u0027invisible\u0027)\u0022\u003E\n            \u003C\/a\u003E\n    \u003C\/div\u003E\n\n\n                \n\u003Cdiv class=\u0022\u0022\u003E\n    \u003Ca href=\u0022#\u0022\n   title=\u0022 Ospite - Visualizza profilo utente.\u0022\n   class=\u0022fw-bold\u0022\n\u003E\n                        Ospite\n            \u003C\/a\u003E\n\u003C\/div\u003E\n            \u003Cdiv class=\u0022text-black-50\u0022\u003E\n                5. marzo 2012 - 14:50\n            \u003C\/div\u003E\n        \u003C\/div\u003E\n                                \u003Cdiv class=\u0022content commentContent text-break\u0022\u003E\n                        \u003Cp id=\u0022comment-content-88070\u0022\u003E\n                \u003Cp\u003EHo un forno normalissimo della smeg, di quelli \u0022soliti\u0022 che ci pi\u00f9 o meno uguali i tutte le cucine, ed era gi\u00e0 i temperatura (160 statico) da un buon quarto d\u0027ora quando l\u0027ho infornata. Dopo 30 minuti ho fatto la prova stecchino ma, credimi, \u00e8 stato come immergerlo nel latte e nesquik. Allora ho proseguito per altri 30 minuti alzando la temperatura a 180, ha fatto un po\u0027 di crosticina fuori ma dentro era ancora completamente cruda e molto molto gommosa. Vorrei provare a rifarla ma se non capisco dove sta l\u0027inghippo devo buttare via tutto un\u0027altra volta e mi spiacerebbe! Baci\u003C\/p\u003E\n            \u003C\/p\u003E\n        \u003C\/div\u003E\n    \u003C\/div\u003E\n\n            \n        \n\n\n    \n\n\u003Cul class=\u0022commentActions d-flex gap-3 text-primary\u0022\u003E\n            \u003Cli\u003E\n                        \u003Ca\n            href=\u0022javascript:;\u0022\n            rel=\u0022no-follow\u0022\n            class=\u0022loginRequire text-primary fw-medium d-flex align-items-center gap-1\u0022\n            title=\u0022Accedi`\u0022\n                                            \u003E\n    \n                    \u003Cspan class=\u0022icon-user\u0022\u003E\u003C\/span\u003E\n                \u003Cspan class=\u0022\u0022\u003EAccedi\u003C\/span\u003E\n\n            \u003C\/a\u003E\n    \n        \u003C\/li\u003E\n            \u003Cli\u003E\n                \n                \u003Cspan class=\u0022\u0022\u003Eo\u003C\/span\u003E\n\n            \u003C\/a\u003E\n    \n        \u003C\/li\u003E\n            \u003Cli\u003E\n                        \u003Ca\n            href=\u0022javascript:;\u0022\n            rel=\u0022no-follow\u0022\n            class=\u0022loginRequire text-primary fw-medium d-flex align-items-center gap-1\u0022\n            title=\u0022registrati`\u0022\n                                            \u003E\n    \n                    \u003Cspan class=\u0022icon-user\u0022\u003E\u003C\/span\u003E\n                \u003Cspan class=\u0022\u0022\u003Eregistrati\u003C\/span\u003E\n\n            \u003C\/a\u003E\n    \n        \u003C\/li\u003E\n    \u003C\/ul\u003E\n\n\n\n\n\n\n\n\n\n\n\n    \u003C\/li\u003E\n        \n\u003Cli class=\u0022comment  d-flex flex-column gap-2 border-bottom border-dark-subtle pb-4\u0022 id=\u0022comment-88048\u0022\u003E\n    \u003Cdiv class=\u0022d-flex flex-column gap-2\u0022\u003E\n        \u003Cdiv class=\u0022d-flex align-items-center gap-075\u0022\u003E\n            \n    \n\u003Cdiv class=\u0022user-avatar p-0 user-avatar--small\u0022\u003E\n            \u003Ca href=\u0022#\u0022\n   title=\u0022Visualizza profilo utente.\u0022\n   class=\u0022user-avatar p-0 user-avatar--small\u0022\n\u003E\n                    \u003Cimg data-ot-ignore src=\u0022\/user\/picture\/0\/thumb_7070\u0022 alt=\u0022\u0022 class=\u0022user_avatar w-100 h-100 rounded-pill invisible\u0022 onload=\u0022this.classList.remove(\u0027invisible\u0027)\u0022\u003E\n            \u003C\/a\u003E\n    \u003C\/div\u003E\n\n\n                \n\u003Cdiv class=\u0022\u0022\u003E\n    \u003Ca href=\u0022#\u0022\n   title=\u0022 Ospite - Visualizza profilo utente.\u0022\n   class=\u0022fw-bold\u0022\n\u003E\n                        Ospite\n            \u003C\/a\u003E\n\u003C\/div\u003E\n            \u003Cdiv class=\u0022text-black-50\u0022\u003E\n                5. marzo 2012 - 14:19\n            \u003C\/div\u003E\n        \u003C\/div\u003E\n                                \u003Cdiv class=\u0022content commentContent text-break\u0022\u003E\n                        \u003Cp id=\u0022comment-content-88048\u0022\u003E\n                \u003Cp\u003EIo ho aggiunto delle pere kaiser a fettine. In effetti la cottura riportata in ricetta non \u00e9 corretta. A quella temperatura mi ci \u00e8 voluta un\u0027ora e ho anche dovuto alzare a 180. Poi penso sia meglio uno stampo del 30 in modo che venga un po\u0027pi\u00f9 bassa e faccia meno fatica a cuocere al centro. Comunque a me \u00e8 piaciuta soprattutto calda. Fredda diventa molto sbriciolosa.\u0026nbsp;\u003C\/p\u003E\n            \u003C\/p\u003E\n        \u003C\/div\u003E\n    \u003C\/div\u003E\n\n            \n        \n\n\n    \n\n\u003Cul class=\u0022commentActions d-flex gap-3 text-primary\u0022\u003E\n            \u003Cli\u003E\n                        \u003Ca\n            href=\u0022javascript:;\u0022\n            rel=\u0022no-follow\u0022\n            class=\u0022loginRequire text-primary fw-medium d-flex align-items-center gap-1\u0022\n            title=\u0022Accedi`\u0022\n                                            \u003E\n    \n                    \u003Cspan class=\u0022icon-user\u0022\u003E\u003C\/span\u003E\n                \u003Cspan class=\u0022\u0022\u003EAccedi\u003C\/span\u003E\n\n            \u003C\/a\u003E\n    \n        \u003C\/li\u003E\n            \u003Cli\u003E\n                \n                \u003Cspan class=\u0022\u0022\u003Eo\u003C\/span\u003E\n\n            \u003C\/a\u003E\n    \n        \u003C\/li\u003E\n            \u003Cli\u003E\n                        \u003Ca\n            href=\u0022javascript:;\u0022\n            rel=\u0022no-follow\u0022\n            class=\u0022loginRequire text-primary fw-medium d-flex align-items-center gap-1\u0022\n            title=\u0022registrati`\u0022\n                                            \u003E\n    \n                    \u003Cspan class=\u0022icon-user\u0022\u003E\u003C\/span\u003E\n                \u003Cspan class=\u0022\u0022\u003Eregistrati\u003C\/span\u003E\n\n            \u003C\/a\u003E\n    \n        \u003C\/li\u003E\n    \u003C\/ul\u003E\n\n\n\n\n\n\n\n\n\n\n\n    \u003C\/li\u003E\n        \n\u003Cli class=\u0022comment  d-flex flex-column gap-2 border-bottom border-dark-subtle pb-4\u0022 id=\u0022comment-88044\u0022\u003E\n    \u003Cdiv class=\u0022d-flex flex-column gap-2\u0022\u003E\n        \u003Cdiv class=\u0022d-flex align-items-center gap-075\u0022\u003E\n            \n    \n\u003Cdiv class=\u0022user-avatar p-0 user-avatar--small\u0022\u003E\n            \u003Ca href=\u0022#\u0022\n   title=\u0022Visualizza profilo utente.\u0022\n   class=\u0022user-avatar p-0 user-avatar--small\u0022\n\u003E\n                    \u003Cimg data-ot-ignore src=\u0022\/user\/picture\/0\/thumb_7070\u0022 alt=\u0022\u0022 class=\u0022user_avatar w-100 h-100 rounded-pill invisible\u0022 onload=\u0022this.classList.remove(\u0027invisible\u0027)\u0022\u003E\n            \u003C\/a\u003E\n    \u003C\/div\u003E\n\n\n                \n\u003Cdiv class=\u0022\u0022\u003E\n    \u003Ca href=\u0022#\u0022\n   title=\u0022 Ospite - Visualizza profilo utente.\u0022\n   class=\u0022fw-bold\u0022\n\u003E\n                        Ospite\n            \u003C\/a\u003E\n\u003C\/div\u003E\n            \u003Cdiv class=\u0022text-black-50\u0022\u003E\n                5. marzo 2012 - 14:05\n            \u003C\/div\u003E\n        \u003C\/div\u003E\n                                \u003Cdiv class=\u0022content commentContent text-break\u0022\u003E\n                        \u003Cp id=\u0022comment-content-88044\u0022\u003E\n                \u003Cp\u003E\u003Cblockquote\u003E\u003Csmall\u003Epanina\u003C\/small\u003E\u003C\/p\u003E\u003Cp\u003E\u003Cblockquote\u003E\u003Csmall\u003Eokkiazzurri\u003C\/small\u003E\u003C\/p\u003E\u003Cp\u003ESe si vuole puoi aggiungere anche gocce di cioccolata dapprima infarinati e distribuiti anche in superficie,altrimenti affonderebbero tutti sul fondo della tortiera \u003Cimg class=\u0022tmrc-icons\u0022 src=\u0022\/bundles\/tmrcfront\/js\/tinymce-plugins\/tmrc_emoticons\/img\/wink.png\u0022 alt=\u0022tmrc_emoticons.;)\u0022 title=\u0022tmrc_emoticons.;)\u0022\/\u003E\u003C\/p\u003E\u003Cp\u003E\u003C\/blockquote\u003E\u0026nbsp;\u0026nbsp;\u003C\/p\u003E\u003Cp\u003Eaffare fatto! \u003Cimg class=\u0022tmrc-icons\u0022 src=\u0022\/bundles\/tmrcfront\/js\/tinymce-plugins\/tmrc_emoticons\/img\/bigsmile.png\u0022 alt=\u0022Big Smile\u0022 title=\u0022Big Smile\u0022\/\u003E\u003C\/p\u003E\u003Cp\u003E\u003C\/blockquote\u003EPaninix giassai!!!! \u003Cimg class=\u0022tmrc-icons\u0022 src=\u0022\/bundles\/tmrcfront\/js\/tinymce-plugins\/tmrc_emoticons\/img\/tongue.png\u0022 alt=\u0022tmrc_emoticons.p\u0022 title=\u0022tmrc_emoticons.p\u0022\/\u003E \u003Cimg class=\u0022tmrc-icons\u0022 src=\u0022\/bundles\/tmrcfront\/js\/tinymce-plugins\/tmrc_emoticons\/img\/tongue.png\u0022 alt=\u0022tmrc_emoticons.p\u0022 title=\u0022tmrc_emoticons.p\u0022\/\u003E \u003Cimg class=\u0022tmrc-icons\u0022 src=\u0022\/bundles\/tmrcfront\/js\/tinymce-plugins\/tmrc_emoticons\/img\/tongue.png\u0022 alt=\u0022tmrc_emoticons.p\u0022 title=\u0022tmrc_emoticons.p\u0022\/\u003E \u003C\/p\u003E\n            \u003C\/p\u003E\n        \u003C\/div\u003E\n    \u003C\/div\u003E\n\n            \n        \n\n\n    \n\n\u003Cul class=\u0022commentActions d-flex gap-3 text-primary\u0022\u003E\n            \u003Cli\u003E\n                        \u003Ca\n            href=\u0022javascript:;\u0022\n            rel=\u0022no-follow\u0022\n            class=\u0022loginRequire text-primary fw-medium d-flex align-items-center gap-1\u0022\n            title=\u0022Accedi`\u0022\n                                            \u003E\n    \n                    \u003Cspan class=\u0022icon-user\u0022\u003E\u003C\/span\u003E\n                \u003Cspan class=\u0022\u0022\u003EAccedi\u003C\/span\u003E\n\n            \u003C\/a\u003E\n    \n        \u003C\/li\u003E\n            \u003Cli\u003E\n                \n                \u003Cspan class=\u0022\u0022\u003Eo\u003C\/span\u003E\n\n            \u003C\/a\u003E\n    \n        \u003C\/li\u003E\n            \u003Cli\u003E\n                        \u003Ca\n            href=\u0022javascript:;\u0022\n            rel=\u0022no-follow\u0022\n            class=\u0022loginRequire text-primary fw-medium d-flex align-items-center gap-1\u0022\n            title=\u0022registrati`\u0022\n                                            \u003E\n    \n                    \u003Cspan class=\u0022icon-user\u0022\u003E\u003C\/span\u003E\n                \u003Cspan class=\u0022\u0022\u003Eregistrati\u003C\/span\u003E\n\n            \u003C\/a\u003E\n    \n        \u003C\/li\u003E\n    \u003C\/ul\u003E\n\n\n\n\n\n\n\n\n\n\n\n    \u003C\/li\u003E\n        \n\u003Cli class=\u0022comment  d-flex flex-column gap-2 border-bottom border-dark-subtle pb-4\u0022 id=\u0022comment-88043\u0022\u003E\n    \u003Cdiv class=\u0022d-flex flex-column gap-2\u0022\u003E\n        \u003Cdiv class=\u0022d-flex align-items-center gap-075\u0022\u003E\n            \n    \n\u003Cdiv class=\u0022user-avatar p-0 user-avatar--small\u0022\u003E\n            \u003Ca href=\u0022#\u0022\n   title=\u0022Visualizza profilo utente.\u0022\n   class=\u0022user-avatar p-0 user-avatar--small\u0022\n\u003E\n                    \u003Cimg data-ot-ignore src=\u0022\/user\/picture\/0\/thumb_7070\u0022 alt=\u0022\u0022 class=\u0022user_avatar w-100 h-100 rounded-pill invisible\u0022 onload=\u0022this.classList.remove(\u0027invisible\u0027)\u0022\u003E\n            \u003C\/a\u003E\n    \u003C\/div\u003E\n\n\n                \n\u003Cdiv class=\u0022\u0022\u003E\n    \u003Ca href=\u0022#\u0022\n   title=\u0022 Ospite - Visualizza profilo utente.\u0022\n   class=\u0022fw-bold\u0022\n\u003E\n                        Ospite\n            \u003C\/a\u003E\n\u003C\/div\u003E\n            \u003Cdiv class=\u0022text-black-50\u0022\u003E\n                5. marzo 2012 - 14:03\n            \u003C\/div\u003E\n        \u003C\/div\u003E\n                                \u003Cdiv class=\u0022content commentContent text-break\u0022\u003E\n                        \u003Cp id=\u0022comment-content-88043\u0022\u003E\n                \u003Cp\u003Eche flop questa ricetta, tutto da buttare \u003Cimg class=\u0022tmrc-icons\u0022 src=\u0022\/bundles\/tmrcfront\/js\/tinymce-plugins\/tmrc_emoticons\/img\/crazy.png\u0022 alt=\u0022tmrc_emoticons.J)\u0022 title=\u0022tmrc_emoticons.J)\u0022\/\u003E\u003C\/p\u003E\n            \u003C\/p\u003E\n        \u003C\/div\u003E\n    \u003C\/div\u003E\n\n            \n        \n\n\n    \n\n\u003Cul class=\u0022commentActions d-flex gap-3 text-primary\u0022\u003E\n            \u003Cli\u003E\n                        \u003Ca\n            href=\u0022javascript:;\u0022\n            rel=\u0022no-follow\u0022\n            class=\u0022loginRequire text-primary fw-medium d-flex align-items-center gap-1\u0022\n            title=\u0022Accedi`\u0022\n                                            \u003E\n    \n                    \u003Cspan class=\u0022icon-user\u0022\u003E\u003C\/span\u003E\n                \u003Cspan class=\u0022\u0022\u003EAccedi\u003C\/span\u003E\n\n            \u003C\/a\u003E\n    \n        \u003C\/li\u003E\n            \u003Cli\u003E\n                \n                \u003Cspan class=\u0022\u0022\u003Eo\u003C\/span\u003E\n\n            \u003C\/a\u003E\n    \n        \u003C\/li\u003E\n            \u003Cli\u003E\n                        \u003Ca\n            href=\u0022javascript:;\u0022\n            rel=\u0022no-follow\u0022\n            class=\u0022loginRequire text-primary fw-medium d-flex align-items-center gap-1\u0022\n            title=\u0022registrati`\u0022\n                                            \u003E\n    \n                    \u003Cspan class=\u0022icon-user\u0022\u003E\u003C\/span\u003E\n                \u003Cspan class=\u0022\u0022\u003Eregistrati\u003C\/span\u003E\n\n            \u003C\/a\u003E\n    \n        \u003C\/li\u003E\n    \u003C\/ul\u003E\n\n\n\n\n\n\n\n\n\n\n\n    \u003C\/li\u003E\n        \n\u003Cli class=\u0022comment  d-flex flex-column gap-2 border-bottom border-dark-subtle pb-4\u0022 id=\u0022comment-88023\u0022\u003E\n    \u003Cdiv class=\u0022d-flex flex-column gap-2\u0022\u003E\n        \u003Cdiv class=\u0022d-flex align-items-center gap-075\u0022\u003E\n            \n    \n\u003Cdiv class=\u0022user-avatar p-0 user-avatar--small\u0022\u003E\n            \u003Ca href=\u0022#\u0022\n   title=\u0022Visualizza profilo utente.\u0022\n   class=\u0022user-avatar p-0 user-avatar--small\u0022\n\u003E\n                    \u003Cimg data-ot-ignore src=\u0022\/user\/picture\/0\/thumb_7070\u0022 alt=\u0022\u0022 class=\u0022user_avatar w-100 h-100 rounded-pill invisible\u0022 onload=\u0022this.classList.remove(\u0027invisible\u0027)\u0022\u003E\n            \u003C\/a\u003E\n    \u003C\/div\u003E\n\n\n                \n\u003Cdiv class=\u0022\u0022\u003E\n    \u003Ca href=\u0022#\u0022\n   title=\u0022 Ospite - Visualizza profilo utente.\u0022\n   class=\u0022fw-bold\u0022\n\u003E\n                        Ospite\n            \u003C\/a\u003E\n\u003C\/div\u003E\n            \u003Cdiv class=\u0022text-black-50\u0022\u003E\n                5. marzo 2012 - 12:23\n            \u003C\/div\u003E\n        \u003C\/div\u003E\n                                \u003Cdiv class=\u0022content commentContent text-break\u0022\u003E\n                        \u003Cp id=\u0022comment-content-88023\u0022\u003E\n                \u003Cp\u003EMi dispiace ma \u00e8 strano io lo faccio spesso e mi si cuoce,che forno hai?io elettrico e uso lo statico preriscaldato prima che inizi ad assemblare il dolce.da quando inforni conta 30\/40 minuti,fai la prova stecchino!!!ti abbraccio...\u003C\/p\u003E\n            \u003C\/p\u003E\n        \u003C\/div\u003E\n    \u003C\/div\u003E\n\n            \n        \n\n\n    \n\n\u003Cul class=\u0022commentActions d-flex gap-3 text-primary\u0022\u003E\n            \u003Cli\u003E\n                        \u003Ca\n            href=\u0022javascript:;\u0022\n            rel=\u0022no-follow\u0022\n            class=\u0022loginRequire text-primary fw-medium d-flex align-items-center gap-1\u0022\n            title=\u0022Accedi`\u0022\n                                            \u003E\n    \n                    \u003Cspan class=\u0022icon-user\u0022\u003E\u003C\/span\u003E\n                \u003Cspan class=\u0022\u0022\u003EAccedi\u003C\/span\u003E\n\n            \u003C\/a\u003E\n    \n        \u003C\/li\u003E\n            \u003Cli\u003E\n                \n                \u003Cspan class=\u0022\u0022\u003Eo\u003C\/span\u003E\n\n            \u003C\/a\u003E\n    \n        \u003C\/li\u003E\n            \u003Cli\u003E\n                        \u003Ca\n            href=\u0022javascript:;\u0022\n            rel=\u0022no-follow\u0022\n            class=\u0022loginRequire text-primary fw-medium d-flex align-items-center gap-1\u0022\n            title=\u0022registrati`\u0022\n                                            \u003E\n    \n                    \u003Cspan class=\u0022icon-user\u0022\u003E\u003C\/span\u003E\n                \u003Cspan class=\u0022\u0022\u003Eregistrati\u003C\/span\u003E\n\n            \u003C\/a\u003E\n    \n        \u003C\/li\u003E\n    \u003C\/ul\u003E\n\n\n\n\n\n\n\n\n\n\n\n    \u003C\/li\u003E\n        \n\u003Cli class=\u0022comment  d-flex flex-column gap-2 border-bottom border-dark-subtle pb-4\u0022 id=\u0022comment-88019\u0022\u003E\n    \u003Cdiv class=\u0022d-flex flex-column gap-2\u0022\u003E\n        \u003Cdiv class=\u0022d-flex align-items-center gap-075\u0022\u003E\n            \n    \n\u003Cdiv class=\u0022user-avatar p-0 user-avatar--small\u0022\u003E\n            \u003Ca href=\u0022#\u0022\n   title=\u0022Visualizza profilo utente.\u0022\n   class=\u0022user-avatar p-0 user-avatar--small\u0022\n\u003E\n                    \u003Cimg data-ot-ignore src=\u0022\/user\/picture\/0\/thumb_7070\u0022 alt=\u0022\u0022 class=\u0022user_avatar w-100 h-100 rounded-pill invisible\u0022 onload=\u0022this.classList.remove(\u0027invisible\u0027)\u0022\u003E\n            \u003C\/a\u003E\n    \u003C\/div\u003E\n\n\n                \n\u003Cdiv class=\u0022\u0022\u003E\n    \u003Ca href=\u0022#\u0022\n   title=\u0022 Ospite - Visualizza profilo utente.\u0022\n   class=\u0022fw-bold\u0022\n\u003E\n                        Ospite\n            \u003C\/a\u003E\n\u003C\/div\u003E\n            \u003Cdiv class=\u0022text-black-50\u0022\u003E\n                5. marzo 2012 - 11:45\n            \u003C\/div\u003E\n        \u003C\/div\u003E\n                                \u003Cdiv class=\u0022content commentContent text-break\u0022\u003E\n                        \u003Cp id=\u0022comment-content-88019\u0022\u003E\n                \u003Cp\u003ECiao okkiazzurri, complimenti per la ricetta! Io ho provato a svolgerla seguendo scrupolosamente le tue istruzioni ma non ho ottenuto un buon risulato in quanto la torta \u00e8 rimasta completamente cruda. In effetti 30 minuti a 160 gradi mi sembrerebbe un po\u0027 poco sia come gradi che come tempo. Ho provato a proseguire la cottura ancora per parecchi minuti ma niente da fare, cruda era e cruda \u00e8 rimasta!...Hai qualche consiglio da darmi? Magari c\u0027\u00e8 qualcosa che mi sfugge...\u003C\/p\u003E\n            \u003C\/p\u003E\n        \u003C\/div\u003E\n    \u003C\/div\u003E\n\n            \n        \n\n\n    \n\n\u003Cul class=\u0022commentActions d-flex gap-3 text-primary\u0022\u003E\n            \u003Cli\u003E\n                        \u003Ca\n            href=\u0022javascript:;\u0022\n            rel=\u0022no-follow\u0022\n            class=\u0022loginRequire text-primary fw-medium d-flex align-items-center gap-1\u0022\n            title=\u0022Accedi`\u0022\n                                            \u003E\n    \n                    \u003Cspan class=\u0022icon-user\u0022\u003E\u003C\/span\u003E\n                \u003Cspan class=\u0022\u0022\u003EAccedi\u003C\/span\u003E\n\n            \u003C\/a\u003E\n    \n        \u003C\/li\u003E\n            \u003Cli\u003E\n                \n                \u003Cspan class=\u0022\u0022\u003Eo\u003C\/span\u003E\n\n            \u003C\/a\u003E\n    \n        \u003C\/li\u003E\n            \u003Cli\u003E\n                        \u003Ca\n            href=\u0022javascript:;\u0022\n            rel=\u0022no-follow\u0022\n            class=\u0022loginRequire text-primary fw-medium d-flex align-items-center gap-1\u0022\n            title=\u0022registrati`\u0022\n                                            \u003E\n    \n                    \u003Cspan class=\u0022icon-user\u0022\u003E\u003C\/span\u003E\n                \u003Cspan class=\u0022\u0022\u003Eregistrati\u003C\/span\u003E\n\n            \u003C\/a\u003E\n    \n        \u003C\/li\u003E\n    \u003C\/ul\u003E\n\n\n\n\n\n\n\n\n\n\n\n    \u003C\/li\u003E\n        \n\u003Cli class=\u0022comment  d-flex flex-column gap-2 border-bottom border-dark-subtle pb-4\u0022 id=\u0022comment-87601\u0022\u003E\n    \u003Cdiv class=\u0022d-flex flex-column gap-2\u0022\u003E\n        \u003Cdiv class=\u0022d-flex align-items-center gap-075\u0022\u003E\n            \n    \n\u003Cdiv class=\u0022user-avatar p-0 user-avatar--small\u0022\u003E\n            \u003Ca href=\u0022#\u0022\n   title=\u0022Visualizza profilo utente.\u0022\n   class=\u0022user-avatar p-0 user-avatar--small\u0022\n\u003E\n                    \u003Cimg data-ot-ignore src=\u0022\/user\/picture\/0\/thumb_7070\u0022 alt=\u0022\u0022 class=\u0022user_avatar w-100 h-100 rounded-pill invisible\u0022 onload=\u0022this.classList.remove(\u0027invisible\u0027)\u0022\u003E\n            \u003C\/a\u003E\n    \u003C\/div\u003E\n\n\n                \n\u003Cdiv class=\u0022\u0022\u003E\n    \u003Ca href=\u0022#\u0022\n   title=\u0022 Ospite - Visualizza profilo utente.\u0022\n   class=\u0022fw-bold\u0022\n\u003E\n                        Ospite\n            \u003C\/a\u003E\n\u003C\/div\u003E\n            \u003Cdiv class=\u0022text-black-50\u0022\u003E\n                1. marzo 2012 - 21:37\n            \u003C\/div\u003E\n        \u003C\/div\u003E\n                                \u003Cdiv class=\u0022content commentContent text-break\u0022\u003E\n                        \u003Cp id=\u0022comment-content-87601\u0022\u003E\n                \u003Cp\u003E\u003Cblockquote\u003E\u003Csmall\u003Eokkiazzurri\u003C\/small\u003E\u003C\/p\u003E\u003Cp\u003ESe si vuole puoi aggiungere anche gocce di cioccolata dapprima infarinati e distribuiti anche in superficie,altrimenti affonderebbero tutti sul fondo della tortiera \u003Cimg class=\u0022tmrc-icons\u0022 src=\u0022\/bundles\/tmrcfront\/js\/tinymce-plugins\/tmrc_emoticons\/img\/wink.png\u0022 alt=\u0022tmrc_emoticons.;)\u0022 title=\u0022tmrc_emoticons.;)\u0022\/\u003E\u003C\/p\u003E\u003Cp\u003E\u003C\/blockquote\u003E\u0026nbsp;\u0026nbsp;\u003C\/p\u003E\u003Cp\u003Eaffare fatto! \u003Cimg class=\u0022tmrc-icons\u0022 src=\u0022\/bundles\/tmrcfront\/js\/tinymce-plugins\/tmrc_emoticons\/img\/bigsmile.png\u0022 alt=\u0022Big Smile\u0022 title=\u0022Big Smile\u0022\/\u003E\u003C\/p\u003E\n            \u003C\/p\u003E\n        \u003C\/div\u003E\n    \u003C\/div\u003E\n\n            \n        \n\n\n    \n\n\u003Cul class=\u0022commentActions d-flex gap-3 text-primary\u0022\u003E\n            \u003Cli\u003E\n                        \u003Ca\n            href=\u0022javascript:;\u0022\n            rel=\u0022no-follow\u0022\n            class=\u0022loginRequire text-primary fw-medium d-flex align-items-center gap-1\u0022\n            title=\u0022Accedi`\u0022\n                                            \u003E\n    \n                    \u003Cspan class=\u0022icon-user\u0022\u003E\u003C\/span\u003E\n                \u003Cspan class=\u0022\u0022\u003EAccedi\u003C\/span\u003E\n\n            \u003C\/a\u003E\n    \n        \u003C\/li\u003E\n            \u003Cli\u003E\n                \n                \u003Cspan class=\u0022\u0022\u003Eo\u003C\/span\u003E\n\n            \u003C\/a\u003E\n    \n        \u003C\/li\u003E\n            \u003Cli\u003E\n                        \u003Ca\n            href=\u0022javascript:;\u0022\n            rel=\u0022no-follow\u0022\n            class=\u0022loginRequire text-primary fw-medium d-flex align-items-center gap-1\u0022\n            title=\u0022registrati`\u0022\n                                            \u003E\n    \n                    \u003Cspan class=\u0022icon-user\u0022\u003E\u003C\/span\u003E\n                \u003Cspan class=\u0022\u0022\u003Eregistrati\u003C\/span\u003E\n\n            \u003C\/a\u003E\n    \n        \u003C\/li\u003E\n    \u003C\/ul\u003E\n\n\n\n\n\n\n\n\n\n\n\n    \u003C\/li\u003E\n                    \n        \u003Cnav aria-label=\u0022Page navigation\u0022 class=\u0022pager d-flex justify-content-center py-3\u0022\u003E\n        \u003Cul class=\u0022pagination\u0022\u003E\n                                            \u003Cli class=\u0022page-item\u0022\u003E\n                    \u003Ca class=\u0022page-link icon-double-arrow-left\u0022 href=\u0022\/recipes\/comments\/recipe\/2f0s9ah7-f4d04-843062-cfcd2-5gacv8aq\u0022 rel=\u0022first\u0022\u003E\u003C\/a\u003E\n                \u003C\/li\u003E\n                                \u003Cli class=\u0022page-item\u0022\u003E\n                                                                                    \u003Ca href=\u0022\/recipes\/comments\/recipe\/2f0s9ah7-f4d04-843062-cfcd2-5gacv8aq\u0022 rel=\u0022prev\u0022 class=\u0022page-link icon-arrow-left\u0022\u003E\u003C\/a\u003E\n                \u003C\/li\u003E\n            \n                                                \u003Cli class=\u0022page-item\u0022\u003E\n                                                    \u003Ca href=\u0022\/recipes\/comments\/recipe\/2f0s9ah7-f4d04-843062-cfcd2-5gacv8aq\u0022 class=\u0022page-link\u0022\u003E1\u003C\/a\u003E\n                                            \u003C\/li\u003E\n                                                                \u003Cli class=\u0022page-item\u0022\u003E\u003Cspan class=\u0022page-link bg-secondary-subtle rounded active text-dark z-0\u0022 aria-current=\u0022page\u0022 data-url=\u0022\/recipes\/comments\/recipe\/2f0s9ah7-f4d04-843062-cfcd2-5gacv8aq?page=2\u0022\u003E2\u003C\/span\u003E\u003C\/li\u003E\n                                                                \u003Cli class=\u0022page-item\u0022\u003E\n                                                    \u003Ca href=\u0022\/recipes\/comments\/recipe\/2f0s9ah7-f4d04-843062-cfcd2-5gacv8aq?page=3\u0022 class=\u0022page-link\u0022\u003E3\u003C\/a\u003E\n                                            \u003C\/li\u003E\n                            \n                                            \u003Cli class=\u0022page-item\u0022\u003E\n                    \u003Ca href=\u0022\/recipes\/comments\/recipe\/2f0s9ah7-f4d04-843062-cfcd2-5gacv8aq?page=3\u0022 rel=\u0022next\u0022 class=\u0022page-link icon-arrow-right bg-transparent\u0022\u003E\u003C\/a\u003E\n                \u003C\/li\u003E\n                                \u003Cli class=\u0022page-item\u0022\u003E\n                    \u003Ca href=\u0022\/recipes\/comments\/recipe\/2f0s9ah7-f4d04-843062-cfcd2-5gacv8aq?page=3\u0022 rel=\u0022last\u0022 class=\u0022page-link icon-double-arrow-right bg-transparent\u0022\u003E\u003C\/a\u003E\n                \u003C\/li\u003E\n                    \u003C\/ul\u003E\n    \u003C\/nav\u003E\n","count":26}