{"success":true,"html":"        \n\u003Cli class=\u0022comment  d-flex flex-column gap-2 border-bottom border-dark-subtle pb-4\u0022 id=\u0022comment-161548\u0022\u003E\n    \u003Cdiv class=\u0022d-flex flex-column gap-2\u0022\u003E\n        \u003Cdiv class=\u0022d-flex align-items-center gap-075\u0022\u003E\n            \n    \n\u003Cdiv class=\u0022user-avatar p-0 user-avatar--small\u0022\u003E\n            \u003Ca href=\u0022#\u0022\n   title=\u0022Visualizza profilo utente.\u0022\n   class=\u0022user-avatar p-0 user-avatar--small\u0022\n\u003E\n                    \u003Cimg data-ot-ignore src=\u0022\/user\/picture\/0\/thumb_7070\u0022 alt=\u0022\u0022 class=\u0022user_avatar w-100 h-100 rounded-pill invisible\u0022 onload=\u0022this.classList.remove(\u0027invisible\u0027)\u0022\u003E\n            \u003C\/a\u003E\n    \u003C\/div\u003E\n\n\n                \n\u003Cdiv class=\u0022\u0022\u003E\n    \u003Ca href=\u0022#\u0022\n   title=\u0022 Ospite - Visualizza profilo utente.\u0022\n   class=\u0022fw-bold\u0022\n\u003E\n                        Ospite\n            \u003C\/a\u003E\n\u003C\/div\u003E\n            \u003Cdiv class=\u0022text-black-50\u0022\u003E\n                4. febbraio 2014 - 10:58\n            \u003C\/div\u003E\n        \u003C\/div\u003E\n                                \u003Cdiv class=\u0022content commentContent text-break\u0022\u003E\n                        \u003Cp id=\u0022comment-content-161548\u0022\u003E\n                \u003Cp\u003E\u003Cimg class=\u0022tmrc-icons\u0022 src=\u0022\/bundles\/tmrcfront\/js\/tinymce-plugins\/tmrc_emoticons\/img\/wink.png\u0022 alt=\u0022tmrc_emoticons.;)\u0022 title=\u0022tmrc_emoticons.;)\u0022\/\u003E la ricetta non indica l\u0027uso della farfalla. quindi no.\u003C\/p\u003E\n            \u003C\/p\u003E\n        \u003C\/div\u003E\n    \u003C\/div\u003E\n\n            \n        \n\n\n    \n\n\u003Cul class=\u0022commentActions d-flex gap-3 text-primary\u0022\u003E\n            \u003Cli\u003E\n                        \u003Ca\n            href=\u0022javascript:;\u0022\n            rel=\u0022no-follow\u0022\n            class=\u0022loginRequire text-primary fw-medium d-flex align-items-center gap-1\u0022\n            title=\u0022Accedi`\u0022\n                                            \u003E\n    \n                    \u003Cspan class=\u0022icon-user\u0022\u003E\u003C\/span\u003E\n                \u003Cspan class=\u0022\u0022\u003EAccedi\u003C\/span\u003E\n\n            \u003C\/a\u003E\n    \n        \u003C\/li\u003E\n            \u003Cli\u003E\n                \n                \u003Cspan class=\u0022\u0022\u003Eo\u003C\/span\u003E\n\n            \u003C\/a\u003E\n    \n        \u003C\/li\u003E\n            \u003Cli\u003E\n                        \u003Ca\n            href=\u0022javascript:;\u0022\n            rel=\u0022no-follow\u0022\n            class=\u0022loginRequire text-primary fw-medium d-flex align-items-center gap-1\u0022\n            title=\u0022registrati`\u0022\n                                            \u003E\n    \n                    \u003Cspan class=\u0022icon-user\u0022\u003E\u003C\/span\u003E\n                \u003Cspan class=\u0022\u0022\u003Eregistrati\u003C\/span\u003E\n\n            \u003C\/a\u003E\n    \n        \u003C\/li\u003E\n    \u003C\/ul\u003E\n\n\n\n\n\n\n\n\n\n\n\n    \u003C\/li\u003E\n        \n\u003Cli class=\u0022comment  d-flex flex-column gap-2 border-bottom border-dark-subtle pb-4\u0022 id=\u0022comment-161542\u0022\u003E\n    \u003Cdiv class=\u0022d-flex flex-column gap-2\u0022\u003E\n        \u003Cdiv class=\u0022d-flex align-items-center gap-075\u0022\u003E\n            \n    \n\u003Cdiv class=\u0022user-avatar p-0 user-avatar--small\u0022\u003E\n            \u003Ca href=\u0022#\u0022\n   title=\u0022Visualizza profilo utente.\u0022\n   class=\u0022user-avatar p-0 user-avatar--small\u0022\n\u003E\n                    \u003Cimg data-ot-ignore src=\u0022\/user\/picture\/0\/thumb_7070\u0022 alt=\u0022\u0022 class=\u0022user_avatar w-100 h-100 rounded-pill invisible\u0022 onload=\u0022this.classList.remove(\u0027invisible\u0027)\u0022\u003E\n            \u003C\/a\u003E\n    \u003C\/div\u003E\n\n\n                \n\u003Cdiv class=\u0022\u0022\u003E\n    \u003Ca href=\u0022#\u0022\n   title=\u0022 Ospite - Visualizza profilo utente.\u0022\n   class=\u0022fw-bold\u0022\n\u003E\n                        Ospite\n            \u003C\/a\u003E\n\u003C\/div\u003E\n            \u003Cdiv class=\u0022text-black-50\u0022\u003E\n                4. febbraio 2014 - 10:14\n            \u003C\/div\u003E\n        \u003C\/div\u003E\n                                \u003Cdiv class=\u0022content commentContent text-break\u0022\u003E\n                        \u003Cp id=\u0022comment-content-161542\u0022\u003E\n                \u003Cp\u003EBuongiorno a tutti vorrei provare questa ricetta, \u00e8 necessario l\u0027utilizzo della farfalla? Grazie\n            \u003C\/p\u003E\n        \u003C\/div\u003E\n    \u003C\/div\u003E\n\n            \n        \n\n\n    \n\n\u003Cul class=\u0022commentActions d-flex gap-3 text-primary\u0022\u003E\n            \u003Cli\u003E\n                        \u003Ca\n            href=\u0022javascript:;\u0022\n            rel=\u0022no-follow\u0022\n            class=\u0022loginRequire text-primary fw-medium d-flex align-items-center gap-1\u0022\n            title=\u0022Accedi`\u0022\n                                            \u003E\n    \n                    \u003Cspan class=\u0022icon-user\u0022\u003E\u003C\/span\u003E\n                \u003Cspan class=\u0022\u0022\u003EAccedi\u003C\/span\u003E\n\n            \u003C\/a\u003E\n    \n        \u003C\/li\u003E\n            \u003Cli\u003E\n                \n                \u003Cspan class=\u0022\u0022\u003Eo\u003C\/span\u003E\n\n            \u003C\/a\u003E\n    \n        \u003C\/li\u003E\n            \u003Cli\u003E\n                        \u003Ca\n            href=\u0022javascript:;\u0022\n            rel=\u0022no-follow\u0022\n            class=\u0022loginRequire text-primary fw-medium d-flex align-items-center gap-1\u0022\n            title=\u0022registrati`\u0022\n                                            \u003E\n    \n                    \u003Cspan class=\u0022icon-user\u0022\u003E\u003C\/span\u003E\n                \u003Cspan class=\u0022\u0022\u003Eregistrati\u003C\/span\u003E\n\n            \u003C\/a\u003E\n    \n        \u003C\/li\u003E\n    \u003C\/ul\u003E\n\n\n\n\n\n\n\n\n\n\n\n    \u003C\/li\u003E\n        \n\u003Cli class=\u0022comment  d-flex flex-column gap-2 border-bottom border-dark-subtle pb-4\u0022 id=\u0022comment-155919\u0022\u003E\n    \u003Cdiv class=\u0022d-flex flex-column gap-2\u0022\u003E\n        \u003Cdiv class=\u0022d-flex align-items-center gap-075\u0022\u003E\n            \n    \n\u003Cdiv class=\u0022user-avatar p-0 user-avatar--small\u0022\u003E\n            \u003Ca href=\u0022#\u0022\n   title=\u0022Visualizza profilo utente.\u0022\n   class=\u0022user-avatar p-0 user-avatar--small\u0022\n\u003E\n                    \u003Cimg data-ot-ignore src=\u0022\/user\/picture\/0\/thumb_7070\u0022 alt=\u0022\u0022 class=\u0022user_avatar w-100 h-100 rounded-pill invisible\u0022 onload=\u0022this.classList.remove(\u0027invisible\u0027)\u0022\u003E\n            \u003C\/a\u003E\n    \u003C\/div\u003E\n\n\n                \n\u003Cdiv class=\u0022\u0022\u003E\n    \u003Ca href=\u0022#\u0022\n   title=\u0022 Ospite - Visualizza profilo utente.\u0022\n   class=\u0022fw-bold\u0022\n\u003E\n                        Ospite\n            \u003C\/a\u003E\n\u003C\/div\u003E\n            \u003Cdiv class=\u0022text-black-50\u0022\u003E\n                7. dicembre 2013 - 21:21\n            \u003C\/div\u003E\n        \u003C\/div\u003E\n                                \u003Cdiv class=\u0022content commentContent text-break\u0022\u003E\n                        \u003Cp id=\u0022comment-content-155919\u0022\u003E\n                \u003Cp\u003E\u003Cimg class=\u0022tmrc-icons\u0022 src=\u0022\/bundles\/tmrcfront\/js\/tinymce-plugins\/tmrc_emoticons\/img\/wink.png\u0022 alt=\u0022tmrc_emoticons.;)\u0022 title=\u0022tmrc_emoticons.;)\u0022\/\u003E\u003C\/p\u003E\n            \u003C\/p\u003E\n        \u003C\/div\u003E\n    \u003C\/div\u003E\n\n            \n        \n\n\n    \n\n\u003Cul class=\u0022commentActions d-flex gap-3 text-primary\u0022\u003E\n            \u003Cli\u003E\n                        \u003Ca\n            href=\u0022javascript:;\u0022\n            rel=\u0022no-follow\u0022\n            class=\u0022loginRequire text-primary fw-medium d-flex align-items-center gap-1\u0022\n            title=\u0022Accedi`\u0022\n                                            \u003E\n    \n                    \u003Cspan class=\u0022icon-user\u0022\u003E\u003C\/span\u003E\n                \u003Cspan class=\u0022\u0022\u003EAccedi\u003C\/span\u003E\n\n            \u003C\/a\u003E\n    \n        \u003C\/li\u003E\n            \u003Cli\u003E\n                \n                \u003Cspan class=\u0022\u0022\u003Eo\u003C\/span\u003E\n\n            \u003C\/a\u003E\n    \n        \u003C\/li\u003E\n            \u003Cli\u003E\n                        \u003Ca\n            href=\u0022javascript:;\u0022\n            rel=\u0022no-follow\u0022\n            class=\u0022loginRequire text-primary fw-medium d-flex align-items-center gap-1\u0022\n            title=\u0022registrati`\u0022\n                                            \u003E\n    \n                    \u003Cspan class=\u0022icon-user\u0022\u003E\u003C\/span\u003E\n                \u003Cspan class=\u0022\u0022\u003Eregistrati\u003C\/span\u003E\n\n            \u003C\/a\u003E\n    \n        \u003C\/li\u003E\n    \u003C\/ul\u003E\n\n\n\n\n\n\n\n\n\n\n\n    \u003C\/li\u003E\n        \n\u003Cli class=\u0022comment  d-flex flex-column gap-2 border-bottom border-dark-subtle pb-4\u0022 id=\u0022comment-153356\u0022\u003E\n    \u003Cdiv class=\u0022d-flex flex-column gap-2\u0022\u003E\n        \u003Cdiv class=\u0022d-flex align-items-center gap-075\u0022\u003E\n            \n    \n\u003Cdiv class=\u0022user-avatar p-0 user-avatar--small\u0022\u003E\n            \u003Ca href=\u0022\/user\/7f0b9f6b-1bd6-493e-9b05-2035fc7ee513\u0022\n   title=\u0022Visualizza profilo utente.\u0022\n   class=\u0022user-avatar p-0 user-avatar--small\u0022\n\u003E\n                    \u003Cimg data-ot-ignore src=\u0022\/user\/picture\/51864\/thumb_7070\u0022 alt=\u0022\u0022 class=\u0022user_avatar w-100 h-100 rounded-pill invisible\u0022 onload=\u0022this.classList.remove(\u0027invisible\u0027)\u0022\u003E\n            \u003C\/a\u003E\n    \u003C\/div\u003E\n\n\n                \n\u003Cdiv class=\u0022\u0022\u003E\n    \u003Ca href=\u0022\/user\/7f0b9f6b-1bd6-493e-9b05-2035fc7ee513\u0022\n   title=\u0022 elisa.pg - Visualizza profilo utente.\u0022\n   class=\u0022fw-bold\u0022\n\u003E\n                        elisa.pg\n            \u003C\/a\u003E\n\u003C\/div\u003E\n            \u003Cdiv class=\u0022text-black-50\u0022\u003E\n                15. novembre 2013 - 23:27\n            \u003C\/div\u003E\n        \u003C\/div\u003E\n                                \u003Cdiv class=\u0022content commentContent text-break\u0022\u003E\n                        \u003Cp id=\u0022comment-content-153356\u0022\u003E\n                \u003Cp\u003EScusatemi ho riletto con calma e ho trovato il post..\u003C\/p\u003E\n            \u003C\/p\u003E\n        \u003C\/div\u003E\n    \u003C\/div\u003E\n\n            \n        \n\n\n    \n\n\u003Cul class=\u0022commentActions d-flex gap-3 text-primary\u0022\u003E\n            \u003Cli\u003E\n                        \u003Ca\n            href=\u0022javascript:;\u0022\n            rel=\u0022no-follow\u0022\n            class=\u0022loginRequire text-primary fw-medium d-flex align-items-center gap-1\u0022\n            title=\u0022Accedi`\u0022\n                                            \u003E\n    \n                    \u003Cspan class=\u0022icon-user\u0022\u003E\u003C\/span\u003E\n                \u003Cspan class=\u0022\u0022\u003EAccedi\u003C\/span\u003E\n\n            \u003C\/a\u003E\n    \n        \u003C\/li\u003E\n            \u003Cli\u003E\n                \n                \u003Cspan class=\u0022\u0022\u003Eo\u003C\/span\u003E\n\n            \u003C\/a\u003E\n    \n        \u003C\/li\u003E\n            \u003Cli\u003E\n                        \u003Ca\n            href=\u0022javascript:;\u0022\n            rel=\u0022no-follow\u0022\n            class=\u0022loginRequire text-primary fw-medium d-flex align-items-center gap-1\u0022\n            title=\u0022registrati`\u0022\n                                            \u003E\n    \n                    \u003Cspan class=\u0022icon-user\u0022\u003E\u003C\/span\u003E\n                \u003Cspan class=\u0022\u0022\u003Eregistrati\u003C\/span\u003E\n\n            \u003C\/a\u003E\n    \n        \u003C\/li\u003E\n    \u003C\/ul\u003E\n\n\n\n\n\n\n\n\n\n\n\n    \u003C\/li\u003E\n        \n\u003Cli class=\u0022comment  d-flex flex-column gap-2 border-bottom border-dark-subtle pb-4\u0022 id=\u0022comment-153353\u0022\u003E\n    \u003Cdiv class=\u0022d-flex flex-column gap-2\u0022\u003E\n        \u003Cdiv class=\u0022d-flex align-items-center gap-075\u0022\u003E\n            \n    \n\u003Cdiv class=\u0022user-avatar p-0 user-avatar--small\u0022\u003E\n            \u003Ca href=\u0022\/user\/7f0b9f6b-1bd6-493e-9b05-2035fc7ee513\u0022\n   title=\u0022Visualizza profilo utente.\u0022\n   class=\u0022user-avatar p-0 user-avatar--small\u0022\n\u003E\n                    \u003Cimg data-ot-ignore src=\u0022\/user\/picture\/51864\/thumb_7070\u0022 alt=\u0022\u0022 class=\u0022user_avatar w-100 h-100 rounded-pill invisible\u0022 onload=\u0022this.classList.remove(\u0027invisible\u0027)\u0022\u003E\n            \u003C\/a\u003E\n    \u003C\/div\u003E\n\n\n                \n\u003Cdiv class=\u0022\u0022\u003E\n    \u003Ca href=\u0022\/user\/7f0b9f6b-1bd6-493e-9b05-2035fc7ee513\u0022\n   title=\u0022 elisa.pg - Visualizza profilo utente.\u0022\n   class=\u0022fw-bold\u0022\n\u003E\n                        elisa.pg\n            \u003C\/a\u003E\n\u003C\/div\u003E\n            \u003Cdiv class=\u0022text-black-50\u0022\u003E\n                15. novembre 2013 - 23:04\n            \u003C\/div\u003E\n        \u003C\/div\u003E\n                                \u003Cdiv class=\u0022content commentContent text-break\u0022\u003E\n                        \u003Cp id=\u0022comment-content-153353\u0022\u003E\n                \u003Cp\u003EChiedo un consiglio se lo preparo, lo cucino e lo metto in feezer\u0026nbsp; x domenica?secodo voi si pu\u00f2?\u003C\/p\u003E\u003Cp\u003EOpzione numero due, lo cucino e lo conservo in frigo fino a domenica..mi sembrava di aver letto che si poteva congelarlo ma mi sa che son fusa e ormai ho cotto le patate, aiuuuuuutooooo \u003Cimg class=\u0022tmrc-icons\u0022 src=\u0022\/bundles\/tmrcfront\/js\/tinymce-plugins\/tmrc_emoticons\/img\/sad.png\u0022 alt=\u0022Cry\u0022 title=\u0022Cry\u0022\/\u003E\u003C\/p\u003E\n            \u003C\/p\u003E\n        \u003C\/div\u003E\n    \u003C\/div\u003E\n\n            \n        \n\n\n    \n\n\u003Cul class=\u0022commentActions d-flex gap-3 text-primary\u0022\u003E\n            \u003Cli\u003E\n                        \u003Ca\n            href=\u0022javascript:;\u0022\n            rel=\u0022no-follow\u0022\n            class=\u0022loginRequire text-primary fw-medium d-flex align-items-center gap-1\u0022\n            title=\u0022Accedi`\u0022\n                                            \u003E\n    \n                    \u003Cspan class=\u0022icon-user\u0022\u003E\u003C\/span\u003E\n                \u003Cspan class=\u0022\u0022\u003EAccedi\u003C\/span\u003E\n\n            \u003C\/a\u003E\n    \n        \u003C\/li\u003E\n            \u003Cli\u003E\n                \n                \u003Cspan class=\u0022\u0022\u003Eo\u003C\/span\u003E\n\n            \u003C\/a\u003E\n    \n        \u003C\/li\u003E\n            \u003Cli\u003E\n                        \u003Ca\n            href=\u0022javascript:;\u0022\n            rel=\u0022no-follow\u0022\n            class=\u0022loginRequire text-primary fw-medium d-flex align-items-center gap-1\u0022\n            title=\u0022registrati`\u0022\n                                            \u003E\n    \n                    \u003Cspan class=\u0022icon-user\u0022\u003E\u003C\/span\u003E\n                \u003Cspan class=\u0022\u0022\u003Eregistrati\u003C\/span\u003E\n\n            \u003C\/a\u003E\n    \n        \u003C\/li\u003E\n    \u003C\/ul\u003E\n\n\n\n\n\n\n\n\n\n\n\n    \u003C\/li\u003E\n        \n\u003Cli class=\u0022comment  d-flex flex-column gap-2 border-bottom border-dark-subtle pb-4\u0022 id=\u0022comment-152975\u0022\u003E\n    \u003Cdiv class=\u0022d-flex flex-column gap-2\u0022\u003E\n        \u003Cdiv class=\u0022d-flex align-items-center gap-075\u0022\u003E\n            \n    \n\u003Cdiv class=\u0022user-avatar p-0 user-avatar--small\u0022\u003E\n            \u003Ca href=\u0022#\u0022\n   title=\u0022Visualizza profilo utente.\u0022\n   class=\u0022user-avatar p-0 user-avatar--small\u0022\n\u003E\n                    \u003Cimg data-ot-ignore src=\u0022\/user\/picture\/0\/thumb_7070\u0022 alt=\u0022\u0022 class=\u0022user_avatar w-100 h-100 rounded-pill invisible\u0022 onload=\u0022this.classList.remove(\u0027invisible\u0027)\u0022\u003E\n            \u003C\/a\u003E\n    \u003C\/div\u003E\n\n\n                \n\u003Cdiv class=\u0022\u0022\u003E\n    \u003Ca href=\u0022#\u0022\n   title=\u0022 Ospite - Visualizza profilo utente.\u0022\n   class=\u0022fw-bold\u0022\n\u003E\n                        Ospite\n            \u003C\/a\u003E\n\u003C\/div\u003E\n            \u003Cdiv class=\u0022text-black-50\u0022\u003E\n                13. novembre 2013 - 20:20\n            \u003C\/div\u003E\n        \u003C\/div\u003E\n                                \u003Cdiv class=\u0022content commentContent text-break\u0022\u003E\n                        \u003Cp id=\u0022comment-content-152975\u0022\u003E\n                \u003Cp\u003EHo provato questa ricetta stasera, veramente buona, complimenti ha la giusta consistenza e il sapore \u00e8 ottimo!\u0026nbsp; \u003Cimg class=\u0022tmrc-icons\u0022 src=\u0022\/bundles\/tmrcfront\/js\/tinymce-plugins\/tmrc_emoticons\/img\/smile.png\u0022 alt=\u0022tmrc_emoticons.)\u0022 title=\u0022tmrc_emoticons.)\u0022\/\u003E Io ho solo apportato qualche modifica, ho usato patate rosse, 1 uovo, non ho messo il pecorino e ho messo un p\u00f2 di noce moscata!\u003C\/p\u003E\n            \u003C\/p\u003E\n        \u003C\/div\u003E\n    \u003C\/div\u003E\n\n            \n        \n\n\n    \n\n\u003Cul class=\u0022commentActions d-flex gap-3 text-primary\u0022\u003E\n            \u003Cli\u003E\n                        \u003Ca\n            href=\u0022javascript:;\u0022\n            rel=\u0022no-follow\u0022\n            class=\u0022loginRequire text-primary fw-medium d-flex align-items-center gap-1\u0022\n            title=\u0022Accedi`\u0022\n                                            \u003E\n    \n                    \u003Cspan class=\u0022icon-user\u0022\u003E\u003C\/span\u003E\n                \u003Cspan class=\u0022\u0022\u003EAccedi\u003C\/span\u003E\n\n            \u003C\/a\u003E\n    \n        \u003C\/li\u003E\n            \u003Cli\u003E\n                \n                \u003Cspan class=\u0022\u0022\u003Eo\u003C\/span\u003E\n\n            \u003C\/a\u003E\n    \n        \u003C\/li\u003E\n            \u003Cli\u003E\n                        \u003Ca\n            href=\u0022javascript:;\u0022\n            rel=\u0022no-follow\u0022\n            class=\u0022loginRequire text-primary fw-medium d-flex align-items-center gap-1\u0022\n            title=\u0022registrati`\u0022\n                                            \u003E\n    \n                    \u003Cspan class=\u0022icon-user\u0022\u003E\u003C\/span\u003E\n                \u003Cspan class=\u0022\u0022\u003Eregistrati\u003C\/span\u003E\n\n            \u003C\/a\u003E\n    \n        \u003C\/li\u003E\n    \u003C\/ul\u003E\n\n\n\n\n\n\n\n\n\n\n\n    \u003C\/li\u003E\n        \n\u003Cli class=\u0022comment  d-flex flex-column gap-2 border-bottom border-dark-subtle pb-4\u0022 id=\u0022comment-151997\u0022\u003E\n    \u003Cdiv class=\u0022d-flex flex-column gap-2\u0022\u003E\n        \u003Cdiv class=\u0022d-flex align-items-center gap-075\u0022\u003E\n            \n    \n\u003Cdiv class=\u0022user-avatar p-0 user-avatar--small\u0022\u003E\n            \u003Ca href=\u0022#\u0022\n   title=\u0022Visualizza profilo utente.\u0022\n   class=\u0022user-avatar p-0 user-avatar--small\u0022\n\u003E\n                    \u003Cimg data-ot-ignore src=\u0022\/user\/picture\/0\/thumb_7070\u0022 alt=\u0022\u0022 class=\u0022user_avatar w-100 h-100 rounded-pill invisible\u0022 onload=\u0022this.classList.remove(\u0027invisible\u0027)\u0022\u003E\n            \u003C\/a\u003E\n    \u003C\/div\u003E\n\n\n                \n\u003Cdiv class=\u0022\u0022\u003E\n    \u003Ca href=\u0022#\u0022\n   title=\u0022 Ospite - Visualizza profilo utente.\u0022\n   class=\u0022fw-bold\u0022\n\u003E\n                        Ospite\n            \u003C\/a\u003E\n\u003C\/div\u003E\n            \u003Cdiv class=\u0022text-black-50\u0022\u003E\n                6. novembre 2013 - 22:27\n            \u003C\/div\u003E\n        \u003C\/div\u003E\n                                \u003Cdiv class=\u0022content commentContent text-break\u0022\u003E\n                        \u003Cp id=\u0022comment-content-151997\u0022\u003E\n                \u003Cp\u003EHo dimezzato le dosi,ma per distrazione (ho un bimbo di 2 mesi!!) ho messo la dose intera di latte, ti diro\u0027 , e\u0027 venuto morbido \u0026nbsp;e buonissimo!!grazie per la ricetta!!\u003C\/p\u003E\n            \u003C\/p\u003E\n        \u003C\/div\u003E\n    \u003C\/div\u003E\n\n            \n        \n\n\n    \n\n\u003Cul class=\u0022commentActions d-flex gap-3 text-primary\u0022\u003E\n            \u003Cli\u003E\n                        \u003Ca\n            href=\u0022javascript:;\u0022\n            rel=\u0022no-follow\u0022\n            class=\u0022loginRequire text-primary fw-medium d-flex align-items-center gap-1\u0022\n            title=\u0022Accedi`\u0022\n                                            \u003E\n    \n                    \u003Cspan class=\u0022icon-user\u0022\u003E\u003C\/span\u003E\n                \u003Cspan class=\u0022\u0022\u003EAccedi\u003C\/span\u003E\n\n            \u003C\/a\u003E\n    \n        \u003C\/li\u003E\n            \u003Cli\u003E\n                \n                \u003Cspan class=\u0022\u0022\u003Eo\u003C\/span\u003E\n\n            \u003C\/a\u003E\n    \n        \u003C\/li\u003E\n            \u003Cli\u003E\n                        \u003Ca\n            href=\u0022javascript:;\u0022\n            rel=\u0022no-follow\u0022\n            class=\u0022loginRequire text-primary fw-medium d-flex align-items-center gap-1\u0022\n            title=\u0022registrati`\u0022\n                                            \u003E\n    \n                    \u003Cspan class=\u0022icon-user\u0022\u003E\u003C\/span\u003E\n                \u003Cspan class=\u0022\u0022\u003Eregistrati\u003C\/span\u003E\n\n            \u003C\/a\u003E\n    \n        \u003C\/li\u003E\n    \u003C\/ul\u003E\n\n\n\n\n\n\n\n\n\n\n\n    \u003C\/li\u003E\n        \n\u003Cli class=\u0022comment  d-flex flex-column gap-2 border-bottom border-dark-subtle pb-4\u0022 id=\u0022comment-149854\u0022\u003E\n    \u003Cdiv class=\u0022d-flex flex-column gap-2\u0022\u003E\n        \u003Cdiv class=\u0022d-flex align-items-center gap-075\u0022\u003E\n            \n    \n\u003Cdiv class=\u0022user-avatar p-0 user-avatar--small\u0022\u003E\n            \u003Ca href=\u0022#\u0022\n   title=\u0022Visualizza profilo utente.\u0022\n   class=\u0022user-avatar p-0 user-avatar--small\u0022\n\u003E\n                    \u003Cimg data-ot-ignore src=\u0022\/user\/picture\/0\/thumb_7070\u0022 alt=\u0022\u0022 class=\u0022user_avatar w-100 h-100 rounded-pill invisible\u0022 onload=\u0022this.classList.remove(\u0027invisible\u0027)\u0022\u003E\n            \u003C\/a\u003E\n    \u003C\/div\u003E\n\n\n                \n\u003Cdiv class=\u0022\u0022\u003E\n    \u003Ca href=\u0022#\u0022\n   title=\u0022 Ospite - Visualizza profilo utente.\u0022\n   class=\u0022fw-bold\u0022\n\u003E\n                        Ospite\n            \u003C\/a\u003E\n\u003C\/div\u003E\n            \u003Cdiv class=\u0022text-black-50\u0022\u003E\n                22. ottobre 2013 - 14:27\n            \u003C\/div\u003E\n        \u003C\/div\u003E\n                                \u003Cdiv class=\u0022content commentContent text-break\u0022\u003E\n                        \u003Cp id=\u0022comment-content-149854\u0022\u003E\n                \u003Cp\u003EGrazie Simo....sempre gentile....\u003C\/p\u003E\u003Cp\u003EB. giornata \u003Cimg class=\u0022tmrc-icons\u0022 src=\u0022\/bundles\/tmrcfront\/js\/tinymce-plugins\/tmrc_emoticons\/img\/smile.png\u0022 alt=\u0022tmrc_emoticons.)\u0022 title=\u0022tmrc_emoticons.)\u0022\/\u003E\u003C\/p\u003E\n            \u003C\/p\u003E\n        \u003C\/div\u003E\n    \u003C\/div\u003E\n\n            \n        \n\n\n    \n\n\u003Cul class=\u0022commentActions d-flex gap-3 text-primary\u0022\u003E\n            \u003Cli\u003E\n                        \u003Ca\n            href=\u0022javascript:;\u0022\n            rel=\u0022no-follow\u0022\n            class=\u0022loginRequire text-primary fw-medium d-flex align-items-center gap-1\u0022\n            title=\u0022Accedi`\u0022\n                                            \u003E\n    \n                    \u003Cspan class=\u0022icon-user\u0022\u003E\u003C\/span\u003E\n                \u003Cspan class=\u0022\u0022\u003EAccedi\u003C\/span\u003E\n\n            \u003C\/a\u003E\n    \n        \u003C\/li\u003E\n            \u003Cli\u003E\n                \n                \u003Cspan class=\u0022\u0022\u003Eo\u003C\/span\u003E\n\n            \u003C\/a\u003E\n    \n        \u003C\/li\u003E\n            \u003Cli\u003E\n                        \u003Ca\n            href=\u0022javascript:;\u0022\n            rel=\u0022no-follow\u0022\n            class=\u0022loginRequire text-primary fw-medium d-flex align-items-center gap-1\u0022\n            title=\u0022registrati`\u0022\n                                            \u003E\n    \n                    \u003Cspan class=\u0022icon-user\u0022\u003E\u003C\/span\u003E\n                \u003Cspan class=\u0022\u0022\u003Eregistrati\u003C\/span\u003E\n\n            \u003C\/a\u003E\n    \n        \u003C\/li\u003E\n    \u003C\/ul\u003E\n\n\n\n\n\n\n\n\n\n\n\n    \u003C\/li\u003E\n        \n\u003Cli class=\u0022comment  d-flex flex-column gap-2 border-bottom border-dark-subtle pb-4\u0022 id=\u0022comment-149853\u0022\u003E\n    \u003Cdiv class=\u0022d-flex flex-column gap-2\u0022\u003E\n        \u003Cdiv class=\u0022d-flex align-items-center gap-075\u0022\u003E\n            \n    \n\u003Cdiv class=\u0022user-avatar p-0 user-avatar--small\u0022\u003E\n            \u003Ca href=\u0022#\u0022\n   title=\u0022Visualizza profilo utente.\u0022\n   class=\u0022user-avatar p-0 user-avatar--small\u0022\n\u003E\n                    \u003Cimg data-ot-ignore src=\u0022\/user\/picture\/0\/thumb_7070\u0022 alt=\u0022\u0022 class=\u0022user_avatar w-100 h-100 rounded-pill invisible\u0022 onload=\u0022this.classList.remove(\u0027invisible\u0027)\u0022\u003E\n            \u003C\/a\u003E\n    \u003C\/div\u003E\n\n\n                \n\u003Cdiv class=\u0022\u0022\u003E\n    \u003Ca href=\u0022#\u0022\n   title=\u0022 Ospite - Visualizza profilo utente.\u0022\n   class=\u0022fw-bold\u0022\n\u003E\n                        Ospite\n            \u003C\/a\u003E\n\u003C\/div\u003E\n            \u003Cdiv class=\u0022text-black-50\u0022\u003E\n                22. ottobre 2013 - 14:25\n            \u003C\/div\u003E\n        \u003C\/div\u003E\n                                \u003Cdiv class=\u0022content commentContent text-break\u0022\u003E\n                        \u003Cp id=\u0022comment-content-149853\u0022\u003E\n                \u003Cp\u003ECiao Simo, \u00e8 un bel piatto uinico ricco, magari accompagnalo con un contorno di verdure e un dolce a fine pasto e sei a posto!!!!\u003C\/p\u003E\n            \u003C\/p\u003E\n        \u003C\/div\u003E\n    \u003C\/div\u003E\n\n            \n        \n\n\n    \n\n\u003Cul class=\u0022commentActions d-flex gap-3 text-primary\u0022\u003E\n            \u003Cli\u003E\n                        \u003Ca\n            href=\u0022javascript:;\u0022\n            rel=\u0022no-follow\u0022\n            class=\u0022loginRequire text-primary fw-medium d-flex align-items-center gap-1\u0022\n            title=\u0022Accedi`\u0022\n                                            \u003E\n    \n                    \u003Cspan class=\u0022icon-user\u0022\u003E\u003C\/span\u003E\n                \u003Cspan class=\u0022\u0022\u003EAccedi\u003C\/span\u003E\n\n            \u003C\/a\u003E\n    \n        \u003C\/li\u003E\n            \u003Cli\u003E\n                \n                \u003Cspan class=\u0022\u0022\u003Eo\u003C\/span\u003E\n\n            \u003C\/a\u003E\n    \n        \u003C\/li\u003E\n            \u003Cli\u003E\n                        \u003Ca\n            href=\u0022javascript:;\u0022\n            rel=\u0022no-follow\u0022\n            class=\u0022loginRequire text-primary fw-medium d-flex align-items-center gap-1\u0022\n            title=\u0022registrati`\u0022\n                                            \u003E\n    \n                    \u003Cspan class=\u0022icon-user\u0022\u003E\u003C\/span\u003E\n                \u003Cspan class=\u0022\u0022\u003Eregistrati\u003C\/span\u003E\n\n            \u003C\/a\u003E\n    \n        \u003C\/li\u003E\n    \u003C\/ul\u003E\n\n\n\n\n\n\n\n\n\n\n\n    \u003C\/li\u003E\n        \n\u003Cli class=\u0022comment  d-flex flex-column gap-2 border-bottom border-dark-subtle pb-4\u0022 id=\u0022comment-149852\u0022\u003E\n    \u003Cdiv class=\u0022d-flex flex-column gap-2\u0022\u003E\n        \u003Cdiv class=\u0022d-flex align-items-center gap-075\u0022\u003E\n            \n    \n\u003Cdiv class=\u0022user-avatar p-0 user-avatar--small\u0022\u003E\n            \u003Ca href=\u0022#\u0022\n   title=\u0022Visualizza profilo utente.\u0022\n   class=\u0022user-avatar p-0 user-avatar--small\u0022\n\u003E\n                    \u003Cimg data-ot-ignore src=\u0022\/user\/picture\/0\/thumb_7070\u0022 alt=\u0022\u0022 class=\u0022user_avatar w-100 h-100 rounded-pill invisible\u0022 onload=\u0022this.classList.remove(\u0027invisible\u0027)\u0022\u003E\n            \u003C\/a\u003E\n    \u003C\/div\u003E\n\n\n                \n\u003Cdiv class=\u0022\u0022\u003E\n    \u003Ca href=\u0022#\u0022\n   title=\u0022 Ospite - Visualizza profilo utente.\u0022\n   class=\u0022fw-bold\u0022\n\u003E\n                        Ospite\n            \u003C\/a\u003E\n\u003C\/div\u003E\n            \u003Cdiv class=\u0022text-black-50\u0022\u003E\n                22. ottobre 2013 - 14:24\n            \u003C\/div\u003E\n        \u003C\/div\u003E\n                                \u003Cdiv class=\u0022content commentContent text-break\u0022\u003E\n                        \u003Cp id=\u0022comment-content-149852\u0022\u003E\n                \u003Cp\u003ECiao!!!! Vorrei fare il gateau questa sera, sostituisco per\u00f2 il cotto con il crudo che dite? Avr\u00f2 i miei genitori a cena. Per\u00f2 volevo sapere....voi quando lo preparate con cosa lo servite? Da solo? Grazie per i suggerimenti....\u003C\/p\u003E\n            \u003C\/p\u003E\n        \u003C\/div\u003E\n    \u003C\/div\u003E\n\n            \n        \n\n\n    \n\n\u003Cul class=\u0022commentActions d-flex gap-3 text-primary\u0022\u003E\n            \u003Cli\u003E\n                        \u003Ca\n            href=\u0022javascript:;\u0022\n            rel=\u0022no-follow\u0022\n            class=\u0022loginRequire text-primary fw-medium d-flex align-items-center gap-1\u0022\n            title=\u0022Accedi`\u0022\n                                            \u003E\n    \n                    \u003Cspan class=\u0022icon-user\u0022\u003E\u003C\/span\u003E\n                \u003Cspan class=\u0022\u0022\u003EAccedi\u003C\/span\u003E\n\n            \u003C\/a\u003E\n    \n        \u003C\/li\u003E\n            \u003Cli\u003E\n                \n                \u003Cspan class=\u0022\u0022\u003Eo\u003C\/span\u003E\n\n            \u003C\/a\u003E\n    \n        \u003C\/li\u003E\n            \u003Cli\u003E\n                        \u003Ca\n            href=\u0022javascript:;\u0022\n            rel=\u0022no-follow\u0022\n            class=\u0022loginRequire text-primary fw-medium d-flex align-items-center gap-1\u0022\n            title=\u0022registrati`\u0022\n                                            \u003E\n    \n                    \u003Cspan class=\u0022icon-user\u0022\u003E\u003C\/span\u003E\n                \u003Cspan class=\u0022\u0022\u003Eregistrati\u003C\/span\u003E\n\n            \u003C\/a\u003E\n    \n        \u003C\/li\u003E\n    \u003C\/ul\u003E\n\n\n\n\n\n\n\n\n\n\n\n    \u003C\/li\u003E\n                                                        \n                \n                                \n        \u003Cnav aria-label=\u0022Page navigation\u0022 class=\u0022pager d-flex justify-content-center py-3\u0022\u003E\n        \u003Cul class=\u0022pagination\u0022\u003E\n                                            \u003Cli class=\u0022page-item\u0022\u003E\n                    \u003Ca class=\u0022page-link icon-double-arrow-left\u0022 href=\u0022\/recipes\/comments\/recipe\/cz9s07q2-3ad69-934152-cfcd2-ch3j3kfq\u0022 rel=\u0022first\u0022\u003E\u003C\/a\u003E\n                \u003C\/li\u003E\n                                \u003Cli class=\u0022page-item\u0022\u003E\n                                                                                    \u003Ca href=\u0022\/recipes\/comments\/recipe\/cz9s07q2-3ad69-934152-cfcd2-ch3j3kfq\u0022 rel=\u0022prev\u0022 class=\u0022page-link icon-arrow-left\u0022\u003E\u003C\/a\u003E\n                \u003C\/li\u003E\n            \n                                                \u003Cli class=\u0022page-item\u0022\u003E\n                                                    \u003Ca href=\u0022\/recipes\/comments\/recipe\/cz9s07q2-3ad69-934152-cfcd2-ch3j3kfq\u0022 class=\u0022page-link\u0022\u003E1\u003C\/a\u003E\n                                            \u003C\/li\u003E\n                                                                \u003Cli class=\u0022page-item\u0022\u003E\u003Cspan class=\u0022page-link bg-secondary-subtle rounded active text-dark z-0\u0022 aria-current=\u0022page\u0022 data-url=\u0022\/recipes\/comments\/recipe\/cz9s07q2-3ad69-934152-cfcd2-ch3j3kfq?page=2\u0022\u003E2\u003C\/span\u003E\u003C\/li\u003E\n                                                                \u003Cli class=\u0022page-item\u0022\u003E\n                                                    \u003Ca href=\u0022\/recipes\/comments\/recipe\/cz9s07q2-3ad69-934152-cfcd2-ch3j3kfq?page=3\u0022 class=\u0022page-link\u0022\u003E3\u003C\/a\u003E\n                                            \u003C\/li\u003E\n                                                                \u003Cli class=\u0022page-item\u0022\u003E\n                                                    \u003Ca href=\u0022\/recipes\/comments\/recipe\/cz9s07q2-3ad69-934152-cfcd2-ch3j3kfq?page=4\u0022 class=\u0022page-link\u0022\u003E4\u003C\/a\u003E\n                                            \u003C\/li\u003E\n                                                                \u003Cli class=\u0022page-item\u0022\u003E\n                                                    \u003Ca href=\u0022\/recipes\/comments\/recipe\/cz9s07q2-3ad69-934152-cfcd2-ch3j3kfq?page=5\u0022 class=\u0022page-link\u0022\u003E5\u003C\/a\u003E\n                                            \u003C\/li\u003E\n                            \n                                            \u003Cli class=\u0022page-item\u0022\u003E\n                    \u003Ca href=\u0022\/recipes\/comments\/recipe\/cz9s07q2-3ad69-934152-cfcd2-ch3j3kfq?page=3\u0022 rel=\u0022next\u0022 class=\u0022page-link icon-arrow-right bg-transparent\u0022\u003E\u003C\/a\u003E\n                \u003C\/li\u003E\n                                \u003Cli class=\u0022page-item\u0022\u003E\n                    \u003Ca href=\u0022\/recipes\/comments\/recipe\/cz9s07q2-3ad69-934152-cfcd2-ch3j3kfq?page=12\u0022 rel=\u0022last\u0022 class=\u0022page-link icon-double-arrow-right bg-transparent\u0022\u003E\u003C\/a\u003E\n                \u003C\/li\u003E\n                    \u003C\/ul\u003E\n    \u003C\/nav\u003E\n","count":114}