{"success":true,"html":"        \n\u003Cli class=\u0022comment  d-flex flex-column gap-2 border-bottom border-dark-subtle pb-4\u0022 id=\u0022comment-2213\u0022\u003E\n    \u003Cdiv class=\u0022d-flex flex-column gap-2\u0022\u003E\n        \u003Cdiv class=\u0022d-flex align-items-center gap-075\u0022\u003E\n            \n    \n\u003Cdiv class=\u0022user-avatar p-0 user-avatar--small\u0022\u003E\n            \u003Ca href=\u0022#\u0022\n   title=\u0022Visualizza profilo utente.\u0022\n   class=\u0022user-avatar p-0 user-avatar--small\u0022\n\u003E\n                    \u003Cimg data-ot-ignore src=\u0022\/user\/picture\/0\/thumb_7070\u0022 alt=\u0022\u0022 class=\u0022user_avatar w-100 h-100 rounded-pill invisible\u0022 onload=\u0022this.classList.remove(\u0027invisible\u0027)\u0022\u003E\n            \u003C\/a\u003E\n    \u003C\/div\u003E\n\n\n                \n\u003Cdiv class=\u0022\u0022\u003E\n    \u003Ca href=\u0022#\u0022\n   title=\u0022 Ospite - Visualizza profilo utente.\u0022\n   class=\u0022fw-bold\u0022\n\u003E\n                        Ospite\n            \u003C\/a\u003E\n\u003C\/div\u003E\n            \u003Cdiv class=\u0022text-black-50\u0022\u003E\n                26. ottobre 2007 - 09:59\n            \u003C\/div\u003E\n        \u003C\/div\u003E\n                                \u003Cdiv class=\u0022content commentContent text-break\u0022\u003E\n                        \u003Cp id=\u0022comment-content-2213\u0022\u003E\n                Anche io tempo fa  avevo bisogno per i miei gemelli e avevo fatto la stessa domanda su un altro forum (nn conoscevo ancora questo :oops:  :oops: )\u003Cbr \/\u003E\r\nUna persona tanto gentile mi ha passato questa ricetta molto sempilce....con i miei bambini un po\u0027 di \u0026quot;palato fine\u0026quot; hanno avuto un successone,li mangiano ancora e hanno quasi un anno...almeno sono tranquilla e so cosa gli do\u0027!... prova e poi mi dici\u003Cbr \/\u003E\r\n\u003Cbr \/\u003E\r\n\u003Cbr \/\u003E\r\n\u0026quot;600 g di carne (sperimentati: vitello, petto di pollo, petto di tacchino) \u003Cbr \/\u003E\r\n(da sperimentare: coniglio, cosciotto di agnello, manzo)\u003Cbr \/\u003E\r\n\u003Cbr \/\u003E\r\n200 g di acqua\u003Cbr \/\u003E\r\n\u003Cbr \/\u003E\r\nLa carne me la sono fatta tritare dal macellaio, ma prover\u00f2 anche con la \u003Cbr \/\u003E\r\ncarne tagliata a pezzettini, l\u0027ho messa nel cestello, 35 min. 100\u00b0 vel.1. \u003Cbr \/\u003E\r\ncon tappo chiuso. A met\u00e0 cottura ho dato una mescolata alla carne. Alla fine \u003Cbr \/\u003E\r\nho messo la carne nel boccale, aggiunto 40ml di olio EVO, ed ho \u003Cbr \/\u003E\r\nomogeneizzato, passando ripetutamente da vel. 4 a turbo, per un minuto e \u003Cbr \/\u003E\r\nmezzo. L\u0027olio fa da legante e rende il tutto molto cremoso. Senza olio, non \u003Cbr \/\u003E\r\nsi amamgama bene.\u0026quot;\n            \u003C\/p\u003E\n        \u003C\/div\u003E\n    \u003C\/div\u003E\n\n            \n        \n\n\n    \n\n\u003Cul class=\u0022commentActions d-flex gap-3 text-primary\u0022\u003E\n            \u003Cli\u003E\n                        \u003Ca\n            href=\u0022javascript:;\u0022\n            rel=\u0022no-follow\u0022\n            class=\u0022loginRequire text-primary fw-medium d-flex align-items-center gap-1\u0022\n            title=\u0022Accedi`\u0022\n                                            \u003E\n    \n                    \u003Cspan class=\u0022icon-user\u0022\u003E\u003C\/span\u003E\n                \u003Cspan class=\u0022\u0022\u003EAccedi\u003C\/span\u003E\n\n            \u003C\/a\u003E\n    \n        \u003C\/li\u003E\n            \u003Cli\u003E\n                \n                \u003Cspan class=\u0022\u0022\u003Eo\u003C\/span\u003E\n\n            \u003C\/a\u003E\n    \n        \u003C\/li\u003E\n            \u003Cli\u003E\n                        \u003Ca\n            href=\u0022javascript:;\u0022\n            rel=\u0022no-follow\u0022\n            class=\u0022loginRequire text-primary fw-medium d-flex align-items-center gap-1\u0022\n            title=\u0022registrati`\u0022\n                                            \u003E\n    \n                    \u003Cspan class=\u0022icon-user\u0022\u003E\u003C\/span\u003E\n                \u003Cspan class=\u0022\u0022\u003Eregistrati\u003C\/span\u003E\n\n            \u003C\/a\u003E\n    \n        \u003C\/li\u003E\n    \u003C\/ul\u003E\n\n\n\n\n\n\n\n\n\n\n\n    \u003C\/li\u003E\n        \n\u003Cli class=\u0022comment  d-flex flex-column gap-2 border-bottom border-dark-subtle pb-4\u0022 id=\u0022comment-2212\u0022\u003E\n    \u003Cdiv class=\u0022d-flex flex-column gap-2\u0022\u003E\n        \u003Cdiv class=\u0022d-flex align-items-center gap-075\u0022\u003E\n            \n    \n\u003Cdiv class=\u0022user-avatar p-0 user-avatar--small\u0022\u003E\n            \u003Ca href=\u0022#\u0022\n   title=\u0022Visualizza profilo utente.\u0022\n   class=\u0022user-avatar p-0 user-avatar--small\u0022\n\u003E\n                    \u003Cimg data-ot-ignore src=\u0022\/user\/picture\/0\/thumb_7070\u0022 alt=\u0022\u0022 class=\u0022user_avatar w-100 h-100 rounded-pill invisible\u0022 onload=\u0022this.classList.remove(\u0027invisible\u0027)\u0022\u003E\n            \u003C\/a\u003E\n    \u003C\/div\u003E\n\n\n                \n\u003Cdiv class=\u0022\u0022\u003E\n    \u003Ca href=\u0022#\u0022\n   title=\u0022 Ospite - Visualizza profilo utente.\u0022\n   class=\u0022fw-bold\u0022\n\u003E\n                        Ospite\n            \u003C\/a\u003E\n\u003C\/div\u003E\n            \u003Cdiv class=\u0022text-black-50\u0022\u003E\n                26. ottobre 2007 - 09:57\n            \u003C\/div\u003E\n        \u003C\/div\u003E\n                                \u003Cdiv class=\u0022content commentContent text-break\u0022\u003E\n                        \u003Cp id=\u0022comment-content-2212\u0022\u003E\n                Ciao,\u003Cbr \/\u003E\r\nho trovato queste per bimbi di 6 mesi:\u003Cbr \/\u003E\r\nTM31\u003Cbr \/\u003E\r\nQuantit\u00e0 per 2 pappe da 370 gr circa l\u2019una\u003Cbr \/\u003E\r\nIngrediente base\u003Cbr \/\u003E\r\n(alternare sempre, per variare i gusti e far s\u00ec che le pappe non risultino mai troppo simili)\u003Cbr \/\u003E\r\n\u2022 Mix di pezzi di verdura: patata, carota, zucchino, zucca, sedano, finocchio, piselli, fagiolini, e lattuga (in tutto 150 gr circa)\u003Cbr \/\u003E\r\n\u2022 Due tipi di verdure a scelta tra quelle sopra (in tutto 150 gr circa)\u003Cbr \/\u003E\r\n\u003Cbr \/\u003E\r\nPappa con carne\u003Cbr \/\u003E\r\n\u2022 80 gr di carne (vitello, o pollo, o tacchino, o agnello)\u003Cbr \/\u003E\r\n\u2022 560 gr d\u2019acqua\u003Cbr \/\u003E\r\n\u2022 Ingrediente base\u003Cbr \/\u003E\r\n\u2022 8 cucchiai colmi di creme a scelta\u003Cbr \/\u003E\r\n\u003Cbr \/\u003E\r\nPappa con formaggio (dai 6 mesi e mezzo)\u003Cbr \/\u003E\r\n\u2022 Un omogeneizzato di formaggino (che dai 7 mesi pu\u00f2 talvolta essere sostituito con 2 cucchiai di ricotta, o abitella o simili)\u003Cbr \/\u003E\r\n\u2022 560 gr d\u2019acqua\u003Cbr \/\u003E\r\n\u2022 Ingrediente base\u003Cbr \/\u003E\r\n\u2022 8 cucchiai colmi di creme a scelta\u003Cbr \/\u003E\r\n\u003Cbr \/\u003E\r\nPappa con pesce omogeneizzato (dai 7 mesi)\u003Cbr \/\u003E\r\n\u2022 2 vasetti di omogeneizzato di pesce a scelta (dagli 8 mesi possono essere sostituiti da 80 gr di pesce fresco)\u003Cbr \/\u003E\r\n\u2022 560 gr d\u2019acqua\u003Cbr \/\u003E\r\n\u2022 Ingrediente base\u003Cbr \/\u003E\r\n\u2022 8 cucchiai colmi di creme a scelta\u003Cbr \/\u003E\r\n\u003Cbr \/\u003E\r\nPappa con pastina o baby-riso (dai 7 mesi)\u003Cbr \/\u003E\r\n\u2022 Proteine a scelta tra carne, pesce, formaggio, prosciutto (vedi pappe precedenti)\u003Cbr \/\u003E\r\n\u2022 560 gr d\u2019acqua\u003Cbr \/\u003E\r\n\u2022 Ingrediente base\u003Cbr \/\u003E\r\n\u2022 Pastina, considerando che 4 cucchiai colmi di crema = 2 cucchiai e mezzo di pastina circa.\u003Cbr \/\u003E\r\nSi pu\u00f2 mixare cos\u00ec, variando comunque se la consistenza non \u00e8 quella desiderata:\u003Cbr \/\u003E\r\n2 cucchiai e mezzo di sola pastina\u003Cbr \/\u003E\r\n2 cucchiai di pastina + 1 cucchiaio raso di crema\u003Cbr \/\u003E\r\n1 cucchiaio e mezzo di pastina + 1 cucchiaio e mezzo colmi di crema\u003Cbr \/\u003E\r\n1 cucchiaio di pastina + 2 cucchiai e mezzo di crema\u003Cbr \/\u003E\r\n1\/2 cucchiaio di pastina + 3 cucchiai colmi di crema\u003Cbr \/\u003E\r\n\u003Cbr \/\u003E\r\nPappa con prosciutto (dai 7 mesi e mezzo)\u003Cbr \/\u003E\r\n\u2022 2 fettine sgrassate di prosciutto cotto\u003Cbr \/\u003E\r\n\u2022 560 gr d\u2019acqua\u003Cbr \/\u003E\r\n\u2022 Ingrediente base\u003Cbr \/\u003E\r\n\u2022 8 cucchiai colmi di creme a scelta\u003Cbr \/\u003E\r\nPappa con rosso d\u2019uovo (dai 9 mesi e mezzo)\u003Cbr \/\u003E\r\n\u2022 La met\u00e0 del passato di verdura ottenuto con 560 gr d\u2019acqua + ingrediente base\u003Cbr \/\u003E\r\n\u2022 1 rosso d\u2019uovo\u003Cbr \/\u003E\r\n\u2022 Pastina come da schema precedente\u003Cbr \/\u003E\r\n\u003Cbr \/\u003E\r\nConsigli Pratici\u003Cbr \/\u003E\r\n- Si possono preparare in anticipo dei sacchettini con le varie verdure, che si possono congelare e utilizzare all\u2019occorrenza!\u003Cbr \/\u003E\r\n- Preparare le porzioni anche della carne e poi congelarle.\u003Cbr \/\u003E\r\n- A partire dai 6 mesi, il bimbo pu\u00f2 assumere anche il glutine: \u00e8 possibile quindi utilizzare tutte le creme istantanee che si trovano sullo scaffale! \u00c8 bene variare i gusti, quindi aggiungere alla pappa alternativamente dei mix di creme e delle creme di un solo tipo. La scelta pu\u00f2 variare anche in base alle preferenze del bimbo, e a come va di corpo (es. riso e semolino sono astringenti, mentre mais-tapioca \u00e8 lassativo)\u003Cbr \/\u003E\r\n\u003Cbr \/\u003E\r\nPreparazione pappa con le creme\u003Cbr \/\u003E\r\nInserire nel boccale l\u2019acqua, le verdure, e cuocere: 20 min 100\u00b0 vel 2. Se la pappa prevede carne o pesce fresco, far cuocere a vapore in un piatto la porzione (deve cuocere separatamente in modo che il brodo sia solo di verdura!). A cottura ultimata, attendere che la temperatura scenda intorno agli 80\u00b0, aggiungere le proteine del giorno, e frullare: 30 sec passando molto lentamente da vel 1 a vel 8; aggiungere le farine e miscelare: 30 sec vel 3. Se necessario, spatolare e amalgamare ancora un po\u2019. Si ottengono due pappe di 350\/370 gr circa, da condire con 2 cucchiaini d\u2019olio e 2 cucchiaini rasi di parmigiano grattugiato e servire.\u003Cbr \/\u003E\r\n\u003Cbr \/\u003E\r\nPreparazione pappa con la pastina\u003Cbr \/\u003E\r\nSeguire la preparazione della pappa con le creme, impostando per\u00f2 per le verdure un tempo di cottura pari a 20 meno il tempo di cottura della pastina (es 18 min se la pastina cuoce in 2 minuti). Una volta frullate le verdure e le proteine, mettere da parte met\u00e0 del composto, aggiungere a quello rimasto nel boccale i cucchiai di pastina desiderati, e far cuocere per il tempo richiesto 90\u00b0 vel 2\/3 antiorario. Al termine, seguire la procedura delle creme se previste, sempre vel 2\/3 antiorario. Condire con 2 cucchiaini d\u2019olio e 2 cucchiaini rasi di parmigiano grattugiato e servire.\u003Cbr \/\u003E\r\n\u003Cbr \/\u003E\r\nPreparazione pappa con rosso d\u2019uovo\u003Cbr \/\u003E\r\nIl rosso d\u2019uovo si propone una volta la settimana. Come da calendario il pasto con l\u2019uovo \u00e8 abbinato al pasto di ricotta (secondo la logica che la preparazione della pappa \u00e8 per due pasti). Quando sono presenti i pasti di ricotta\/uovo quindi, inserire nel boccale l\u2019acqua, le verdure, e cuocere: 15 min 100\u00b0 vel 2. A cottura ultimata, attendere che la temperatura scenda intorno agli 80\u00b0, e frullare: 30 sec passando molto lentamente da vel 1 a vel 8; mettere da parte met\u00e0 del composto, aggiungere a quello rimasto nel boccale il rosso d\u2019uovo, la quantit\u00e0 di pastina desiderata, e far cuocere per il tempo richiesto dalla pastina 90\u00b0 vel 2\/3 antiorario. Il passato messo da parte serve per la preparazione della pappa del giorno seguente, con l\u2019aggiunta di creme o pastina, e 1 cucchiaio di ricotta.\u003Cbr \/\u003E\r\nNB si pu\u00f2 anche invertire l\u2019ordine, utilizzando il giorno stesso la ricotta, e il giorno seguente il rosso d\u2019uovo\u003Cbr \/\u003E\r\n\u003Cbr \/\u003E\r\nUn bacio a te e al bimbo..\u003Cbr \/\u003E\r\nLucia\n            \u003C\/p\u003E\n        \u003C\/div\u003E\n    \u003C\/div\u003E\n\n            \n        \n\n\n    \n\n\u003Cul class=\u0022commentActions d-flex gap-3 text-primary\u0022\u003E\n            \u003Cli\u003E\n                        \u003Ca\n            href=\u0022javascript:;\u0022\n            rel=\u0022no-follow\u0022\n            class=\u0022loginRequire text-primary fw-medium d-flex align-items-center gap-1\u0022\n            title=\u0022Accedi`\u0022\n                                            \u003E\n    \n                    \u003Cspan class=\u0022icon-user\u0022\u003E\u003C\/span\u003E\n                \u003Cspan class=\u0022\u0022\u003EAccedi\u003C\/span\u003E\n\n            \u003C\/a\u003E\n    \n        \u003C\/li\u003E\n            \u003Cli\u003E\n                \n                \u003Cspan class=\u0022\u0022\u003Eo\u003C\/span\u003E\n\n            \u003C\/a\u003E\n    \n        \u003C\/li\u003E\n            \u003Cli\u003E\n                        \u003Ca\n            href=\u0022javascript:;\u0022\n            rel=\u0022no-follow\u0022\n            class=\u0022loginRequire text-primary fw-medium d-flex align-items-center gap-1\u0022\n            title=\u0022registrati`\u0022\n                                            \u003E\n    \n                    \u003Cspan class=\u0022icon-user\u0022\u003E\u003C\/span\u003E\n                \u003Cspan class=\u0022\u0022\u003Eregistrati\u003C\/span\u003E\n\n            \u003C\/a\u003E\n    \n        \u003C\/li\u003E\n    \u003C\/ul\u003E\n\n\n\n\n\n\n\n\n\n\n\n    \u003C\/li\u003E\n                    \n        \u003Cnav aria-label=\u0022Page navigation\u0022 class=\u0022pager d-flex justify-content-center py-3\u0022\u003E\n        \u003Cul class=\u0022pagination\u0022\u003E\n                                            \u003Cli class=\u0022page-item\u0022\u003E\n                    \u003Ca class=\u0022page-link icon-double-arrow-left\u0022 href=\u0022\/recipes\/comments\/recipe\/ttu8imz4-c77bf-698520-cfcd2-bbtq9j2h\u0022 rel=\u0022first\u0022\u003E\u003C\/a\u003E\n                \u003C\/li\u003E\n                                \u003Cli class=\u0022page-item\u0022\u003E\n                                                                                    \u003Ca href=\u0022\/recipes\/comments\/recipe\/ttu8imz4-c77bf-698520-cfcd2-bbtq9j2h\u0022 rel=\u0022prev\u0022 class=\u0022page-link icon-arrow-left\u0022\u003E\u003C\/a\u003E\n                \u003C\/li\u003E\n            \n                                                \u003Cli class=\u0022page-item\u0022\u003E\n                                                    \u003Ca href=\u0022\/recipes\/comments\/recipe\/ttu8imz4-c77bf-698520-cfcd2-bbtq9j2h\u0022 class=\u0022page-link\u0022\u003E1\u003C\/a\u003E\n                                            \u003C\/li\u003E\n                                                                \u003Cli class=\u0022page-item\u0022\u003E\u003Cspan class=\u0022page-link bg-secondary-subtle rounded active text-dark z-0\u0022 aria-current=\u0022page\u0022 data-url=\u0022\/recipes\/comments\/recipe\/ttu8imz4-c77bf-698520-cfcd2-bbtq9j2h?page=2\u0022\u003E2\u003C\/span\u003E\u003C\/li\u003E\n                            \n                    \u003C\/ul\u003E\n    \u003C\/nav\u003E\n","count":12}