{"success":true,"html":"        \n\u003Cli class=\u0022comment  d-flex flex-column gap-2 border-bottom border-dark-subtle pb-4\u0022 id=\u0022comment-187854\u0022\u003E\n    \u003Cdiv class=\u0022d-flex flex-column gap-2\u0022\u003E\n        \u003Cdiv class=\u0022d-flex align-items-center gap-075\u0022\u003E\n            \n    \n\u003Cdiv class=\u0022user-avatar p-0 user-avatar--small\u0022\u003E\n            \u003Ca href=\u0022\/user\/ced578c8-6a11-468c-82ac-6c7b92b7affa\u0022\n   title=\u0022Visualizza profilo utente.\u0022\n   class=\u0022user-avatar p-0 user-avatar--small\u0022\n\u003E\n                    \u003Cimg data-ot-ignore src=\u0022\/user\/picture\/125899\/thumb_7070\u0022 alt=\u0022\u0022 class=\u0022user_avatar w-100 h-100 rounded-pill invisible\u0022 onload=\u0022this.classList.remove(\u0027invisible\u0027)\u0022\u003E\n            \u003C\/a\u003E\n    \u003C\/div\u003E\n\n\n                \n\u003Cdiv class=\u0022\u0022\u003E\n    \u003Ca href=\u0022\/user\/ced578c8-6a11-468c-82ac-6c7b92b7affa\u0022\n   title=\u0022 Magat - Visualizza profilo utente.\u0022\n   class=\u0022fw-bold\u0022\n\u003E\n                        Magat\n            \u003C\/a\u003E\n\u003C\/div\u003E\n            \u003Cdiv class=\u0022text-black-50\u0022\u003E\n                25. ottobre 2014 - 12:14\n            \u003C\/div\u003E\n        \u003C\/div\u003E\n                                                \u003Cdiv class=\u0022item-rating d-flex gap-2 align-items-center\u0022\u003E\n    \u003Cdiv class=\u0022comment-stars comment-edit rating-size-4\u0022 data-id=\u0022xg368xc0-930f1-702391-cfcd2-7ehcz42t\u0022\n         data-average=\u00225\u0022\n         data-rating-titles=\u0022non gradevole|da migliorare|discreta|buona|ottima\u0022\n    \u003E\n        \u003Cinput type=\u0022number\u0022 name=\u0022rating\u0022 class=\u0022comment-rating\u0022 value=\u00225\u0022 readonly \/\u003E\n    \u003C\/div\u003E\n        \u003Cspan class=\u0022fw-semibold rate-amount align-middle\u0022 data-text=\u00225.0\u0022\u003E5.0\u003C\/span\u003E\n\u003C\/div\u003E\n                \u003Cdiv class=\u0022content commentContent text-break\u0022\u003E\n                        \u003Cp id=\u0022comment-content-187854\u0022\u003E\n                \u003Cp\u003EAllora... Preparata x pranzo.... Con l aggiunta di timo maggiorana e basilico.... Senza pesare le verdure.. E ora sta gratinando in forno..... ( avr\u00f2 osato troppo..???? \u003Cimg class=\u0022tmrc-icons\u0022 src=\u0022\/bundles\/tmrcfront\/js\/tinymce-plugins\/tmrc_emoticons\/img\/smile.png\u0022 alt=\u0022tmrc_emoticons.)\u0022 title=\u0022tmrc_emoticons.)\u0022\/\u003E ).....il profumo che c\u0027\u00e8 ora in casa mia merita tutte le cinque stelline..... La servir\u00f2 come contorno alle schiacciatine di melanzane della \u0022 collega\u0022 asantoro..... Fossi in te... Chiamerei questa ricetta TARSITOUILLE..... Grazie x aver condiviso!\u003C\/p\u003E\n            \u003C\/p\u003E\n        \u003C\/div\u003E\n    \u003C\/div\u003E\n\n            \n        \n\n\n    \n\n\u003Cul class=\u0022commentActions d-flex gap-3 text-primary\u0022\u003E\n            \u003Cli\u003E\n                        \u003Ca\n            href=\u0022javascript:;\u0022\n            rel=\u0022no-follow\u0022\n            class=\u0022loginRequire text-primary fw-medium d-flex align-items-center gap-1\u0022\n            title=\u0022Accedi`\u0022\n                                            \u003E\n    \n                    \u003Cspan class=\u0022icon-user\u0022\u003E\u003C\/span\u003E\n                \u003Cspan class=\u0022\u0022\u003EAccedi\u003C\/span\u003E\n\n            \u003C\/a\u003E\n    \n        \u003C\/li\u003E\n            \u003Cli\u003E\n                \n                \u003Cspan class=\u0022\u0022\u003Eo\u003C\/span\u003E\n\n            \u003C\/a\u003E\n    \n        \u003C\/li\u003E\n            \u003Cli\u003E\n                        \u003Ca\n            href=\u0022javascript:;\u0022\n            rel=\u0022no-follow\u0022\n            class=\u0022loginRequire text-primary fw-medium d-flex align-items-center gap-1\u0022\n            title=\u0022registrati`\u0022\n                                            \u003E\n    \n                    \u003Cspan class=\u0022icon-user\u0022\u003E\u003C\/span\u003E\n                \u003Cspan class=\u0022\u0022\u003Eregistrati\u003C\/span\u003E\n\n            \u003C\/a\u003E\n    \n        \u003C\/li\u003E\n    \u003C\/ul\u003E\n\n\n\n\n\n\n\n\n\n\n\n    \u003C\/li\u003E\n        \n\u003Cli class=\u0022comment  d-flex flex-column gap-2 border-bottom border-dark-subtle pb-4\u0022 id=\u0022comment-187829\u0022\u003E\n    \u003Cdiv class=\u0022d-flex flex-column gap-2\u0022\u003E\n        \u003Cdiv class=\u0022d-flex align-items-center gap-075\u0022\u003E\n            \n    \n\u003Cdiv class=\u0022user-avatar p-0 user-avatar--small\u0022\u003E\n            \u003Ca href=\u0022#\u0022\n   title=\u0022Visualizza profilo utente.\u0022\n   class=\u0022user-avatar p-0 user-avatar--small\u0022\n\u003E\n                    \u003Cimg data-ot-ignore src=\u0022\/user\/picture\/0\/thumb_7070\u0022 alt=\u0022\u0022 class=\u0022user_avatar w-100 h-100 rounded-pill invisible\u0022 onload=\u0022this.classList.remove(\u0027invisible\u0027)\u0022\u003E\n            \u003C\/a\u003E\n    \u003C\/div\u003E\n\n\n                \n\u003Cdiv class=\u0022\u0022\u003E\n    \u003Ca href=\u0022#\u0022\n   title=\u0022 Ospite - Visualizza profilo utente.\u0022\n   class=\u0022fw-bold\u0022\n\u003E\n                        Ospite\n            \u003C\/a\u003E\n\u003C\/div\u003E\n            \u003Cdiv class=\u0022text-black-50\u0022\u003E\n                25. ottobre 2014 - 08:26\n            \u003C\/div\u003E\n        \u003C\/div\u003E\n                                \u003Cdiv class=\u0022content commentContent text-break\u0022\u003E\n                        \u003Cp id=\u0022comment-content-187829\u0022\u003E\n                \u003Cp\u003E... GRANDE LEI \u003Cimg class=\u0022tmrc-icons\u0022 src=\u0022\/bundles\/tmrcfront\/js\/tinymce-plugins\/tmrc_emoticons\/img\/smile.png\u0022 alt=\u0022tmrc_emoticons.)\u0022 title=\u0022tmrc_emoticons.)\u0022\/\u003E\u003C\/p\u003E\n            \u003C\/p\u003E\n        \u003C\/div\u003E\n    \u003C\/div\u003E\n\n            \n        \n\n\n    \n\n\u003Cul class=\u0022commentActions d-flex gap-3 text-primary\u0022\u003E\n            \u003Cli\u003E\n                        \u003Ca\n            href=\u0022javascript:;\u0022\n            rel=\u0022no-follow\u0022\n            class=\u0022loginRequire text-primary fw-medium d-flex align-items-center gap-1\u0022\n            title=\u0022Accedi`\u0022\n                                            \u003E\n    \n                    \u003Cspan class=\u0022icon-user\u0022\u003E\u003C\/span\u003E\n                \u003Cspan class=\u0022\u0022\u003EAccedi\u003C\/span\u003E\n\n            \u003C\/a\u003E\n    \n        \u003C\/li\u003E\n            \u003Cli\u003E\n                \n                \u003Cspan class=\u0022\u0022\u003Eo\u003C\/span\u003E\n\n            \u003C\/a\u003E\n    \n        \u003C\/li\u003E\n            \u003Cli\u003E\n                        \u003Ca\n            href=\u0022javascript:;\u0022\n            rel=\u0022no-follow\u0022\n            class=\u0022loginRequire text-primary fw-medium d-flex align-items-center gap-1\u0022\n            title=\u0022registrati`\u0022\n                                            \u003E\n    \n                    \u003Cspan class=\u0022icon-user\u0022\u003E\u003C\/span\u003E\n                \u003Cspan class=\u0022\u0022\u003Eregistrati\u003C\/span\u003E\n\n            \u003C\/a\u003E\n    \n        \u003C\/li\u003E\n    \u003C\/ul\u003E\n\n\n\n\n\n\n\n\n\n\n\n    \u003C\/li\u003E\n        \n\u003Cli class=\u0022comment  d-flex flex-column gap-2 border-bottom border-dark-subtle pb-4\u0022 id=\u0022comment-187826\u0022\u003E\n    \u003Cdiv class=\u0022d-flex flex-column gap-2\u0022\u003E\n        \u003Cdiv class=\u0022d-flex align-items-center gap-075\u0022\u003E\n            \n    \n\u003Cdiv class=\u0022user-avatar p-0 user-avatar--small\u0022\u003E\n            \u003Ca href=\u0022\/user\/ced578c8-6a11-468c-82ac-6c7b92b7affa\u0022\n   title=\u0022Visualizza profilo utente.\u0022\n   class=\u0022user-avatar p-0 user-avatar--small\u0022\n\u003E\n                    \u003Cimg data-ot-ignore src=\u0022\/user\/picture\/125899\/thumb_7070\u0022 alt=\u0022\u0022 class=\u0022user_avatar w-100 h-100 rounded-pill invisible\u0022 onload=\u0022this.classList.remove(\u0027invisible\u0027)\u0022\u003E\n            \u003C\/a\u003E\n    \u003C\/div\u003E\n\n\n                \n\u003Cdiv class=\u0022\u0022\u003E\n    \u003Ca href=\u0022\/user\/ced578c8-6a11-468c-82ac-6c7b92b7affa\u0022\n   title=\u0022 Magat - Visualizza profilo utente.\u0022\n   class=\u0022fw-bold\u0022\n\u003E\n                        Magat\n            \u003C\/a\u003E\n\u003C\/div\u003E\n            \u003Cdiv class=\u0022text-black-50\u0022\u003E\n                25. ottobre 2014 - 08:24\n            \u003C\/div\u003E\n        \u003C\/div\u003E\n                                                \u003Cdiv class=\u0022item-rating d-flex gap-2 align-items-center\u0022\u003E\n    \u003Cdiv class=\u0022comment-stars comment-edit rating-size-4\u0022 data-id=\u0022xg368xc0-930f1-702391-cfcd2-7ehcz42t\u0022\n         data-average=\u00225\u0022\n         data-rating-titles=\u0022non gradevole|da migliorare|discreta|buona|ottima\u0022\n    \u003E\n        \u003Cinput type=\u0022number\u0022 name=\u0022rating\u0022 class=\u0022comment-rating\u0022 value=\u00225\u0022 readonly \/\u003E\n    \u003C\/div\u003E\n        \u003Cspan class=\u0022fw-semibold rate-amount align-middle\u0022 data-text=\u00225.0\u0022\u003E5.0\u003C\/span\u003E\n\u003C\/div\u003E\n                \u003Cdiv class=\u0022content commentContent text-break\u0022\u003E\n                        \u003Cp id=\u0022comment-content-187826\u0022\u003E\n                \u003Cp\u003E\u003Cblockquote\u003E\u003Csmall\u003ETarsi\u003C\/small\u003E\u003C\/p\u003E\u003Cp\u003Efinalmente sono riuscito a trovare le misure degli ingredienti per chi ne ha bisogno. questa volta nel riproporla a tavola ho pesato gli ingredienti . Mi scuso se purtroppo non gli ho inseriti prima ma essendo una ricetta abbozzata con quello che avevo in frigo e sempre ricucinata seguendo la stessa modalit\u00e0. il brivido dell\u0027imprevisto mi piace. Per quanto riguarda il nome l\u0027ho chiamata erroneamente ratatouille considerando che il temine significa e qui cito dal dizionario \u0022La parola\u0026nbsp;\u003Cem style=\u0022color: #252525; font-family: inherit; font-size: inherit; line-height: inherit; -webkit-tap-highlight-color: rgba(0, 0, 0, 0); margin: 0px; padding: 0px; border: 0px; font-variant: inherit; vertical-align: baseline; background-image: none;\u0022\u003Eratatouille\u003C\/em\u003E\u0026nbsp;viene dall\u0027occitano \u0022ratatolha\u0022, simile al francese \u0022touiller\u0022 che significa \u0022rimestare\u0022. La ratatouille era originariamente un piatto per contadini poveri, preparato in estate con verdure fresche. L\u0027originale ratatouille ni\u00e7oise non conteneva le\u0026nbsp;\u003Ca style=\u0022font-family: inherit; font-size: inherit; line-height: inherit; -webkit-tap-highlight-color: rgba(0, 0, 0, 0); margin: 0px; padding: 0px; border: 0px; font-style: inherit; font-variant: inherit; vertical-align: baseline; background-image: none; text-decoration: none; color: #5a3696;\u0022 title=\u0022Solanum melongena\u0022 href=\u0022http:\/\/it.m.wikipedia.org\/wiki\/Solanum_melongena\u0022\u003Emelanzane\u003C\/a\u003E\u0026nbsp;essendo reperibili nello stesso periodo dell\u0027anno altre verdure. Gli ingredienti originari della ratatouille tradizionale sono\u0026nbsp;\u003Ca style=\u0022font-family: inherit; font-size: inherit; line-height: inherit; -webkit-tap-highlight-color: rgba(0, 0, 0, 0); margin: 0px; padding: 0px; border: 0px; font-style: inherit; font-variant: inherit; vertical-align: baseline; background-image: none; text-decoration: none; color: #5a3696;\u0022 title=\u0022Solanum lycopersicum\u0022 href=\u0022http:\/\/it.m.wikipedia.org\/wiki\/Solanum_lycopersicum\u0022\u003Epomodori\u003C\/a\u003E,\u0026nbsp;\u003Ca style=\u0022font-family: inherit; font-size: inherit; line-height: inherit; -webkit-tap-highlight-color: rgba(0, 0, 0, 0); margin: 0px; padding: 0px; border: 0px; font-style: inherit; font-variant: inherit; vertical-align: baseline; background-image: none; text-decoration: none; color: #5a3696;\u0022 title=\u0022Cucurbita pepo\u0022 href=\u0022http:\/\/it.m.wikipedia.org\/wiki\/Cucurbita_pepo\u0022\u003Ezucchine\u003C\/a\u003E,\u0026nbsp;\u003Ca style=\u0022font-family: inherit; font-size: inherit; line-height: inherit; -webkit-tap-highlight-color: rgba(0, 0, 0, 0); margin: 0px; padding: 0px; border: 0px; font-style: inherit; font-variant: inherit; vertical-align: baseline; background-image: none; text-decoration: none; color: #5a3696;\u0022 title=\u0022Capsicum\u0022 href=\u0022http:\/\/it.m.wikipedia.org\/wiki\/Capsicum\u0022\u003Epeperoni\u003C\/a\u003E,\u0026nbsp;\u003Ca style=\u0022font-family: inherit; font-size: inherit; line-height: inherit; -webkit-tap-highlight-color: rgba(0, 0, 0, 0); margin: 0px; padding: 0px; border: 0px; font-style: inherit; font-variant: inherit; vertical-align: baseline; background-image: none; text-decoration: none; color: #5a3696;\u0022 title=\u0022Allium cepa\u0022 href=\u0022http:\/\/it.m.wikipedia.org\/wiki\/Allium_cepa\u0022\u003Ecipolle\u003C\/a\u003E\u0026nbsp;ed\u0026nbsp;\u003Ca style=\u0022font-family: inherit; font-size: inherit; line-height: inherit; -webkit-tap-highlight-color: rgba(0, 0, 0, 0); margin: 0px; padding: 0px; border: 0px; font-style: inherit; font-variant: inherit; vertical-align: baseline; background-image: none; text-decoration: none; color: #5a3696;\u0022 title=\u0022Allium sativum\u0022 href=\u0022http:\/\/it.m.wikipedia.org\/wiki\/Allium_sativum\u0022\u003Eaglio\u003C\/a\u003E. Si possono aggiungere alcune\u0026nbsp;\u003Ca style=\u0022font-family: inherit; font-size: inherit; line-height: inherit; -webkit-tap-highlight-color: rgba(0, 0, 0, 0); margin: 0px; padding: 0px; border: 0px; font-style: inherit; font-variant: inherit; vertical-align: baseline; background-image: none; text-decoration: none; color: #5a3696;\u0022 title=\u0022Erbe di Provenza\u0022 href=\u0022http:\/\/it.m.wikipedia.org\/wiki\/Erbe_di_Provenza\u0022\u003Eerbe di Provenza\u003C\/a\u003Ee\u0026nbsp;\u003Ca style=\u0022font-family: inherit; font-size: inherit; line-height: inherit; -webkit-tap-highlight-color: rgba(0, 0, 0, 0); margin: 0px; padding: 0px; border: 0px; font-style: inherit; font-variant: inherit; vertical-align: baseline; background-image: none; text-decoration: none; color: #5a3696;\u0022 title=\u0022Ocimum basilicum\u0022 href=\u0022http:\/\/it.m.wikipedia.org\/wiki\/Ocimum_basilicum\u0022\u003Ebasilico\u003C\/a\u003E.\u003C\/p\u003E\u003Cp style=\u0022margin: 0.5em 0px 1em; padding: 0px; border: 0px; font-family: \u0027Helvetica Neue\u0027, Helvetica, \u0027Nimbus Sans L\u0027, Arial, \u0027Liberation Sans\u0027, sans-serif; font-size: 16px; line-height: 26px; vertical-align: baseline; background-image: none; color: #252525; -webkit-tap-highlight-color: rgba(0, 0, 0, 0);\u0022\u003ELa ratatouille francese pu\u00f2 essere servita come piatto a s\u00e9 stante (accompagnata da\u0026nbsp;\u003Ca style=\u0022margin: 0px; padding: 0px; border: 0px; font-family: inherit; font-size: inherit; font-style: inherit; font-variant: inherit; line-height: inherit; vertical-align: baseline; background-image: none; text-decoration: none; color: #5a3696;\u0022 title=\u0022Oryza sativa\u0022 href=\u0022http:\/\/it.m.wikipedia.org\/wiki\/Oryza_sativa\u0022\u003Eriso\u003C\/a\u003E,\u0026nbsp;\u003Ca style=\u0022margin: 0px; padding: 0px; border: 0px; font-family: inherit; font-size: inherit; font-style: inherit; font-variant: inherit; line-height: inherit; vertical-align: baseline; background-image: none; text-decoration: none; color: #5a3696;\u0022 title=\u0022Patata (alimento)\u0022 href=\u0022http:\/\/it.m.wikipedia.org\/wiki\/Patata_(alimento)\u0022\u003Epatate\u003C\/a\u003E, o semplice\u0026nbsp;\u003Ca style=\u0022margin: 0px; padding: 0px; border: 0px; font-family: inherit; font-size: inherit; font-style: inherit; font-variant: inherit; line-height: inherit; vertical-align: baseline; background-image: none; text-decoration: none; color: #5a3696;\u0022 title=\u0022Pane\u0022 href=\u0022http:\/\/it.m.wikipedia.org\/wiki\/Pane\u0022\u003Epane\u003C\/a\u003E\u0026nbsp;francese). Pi\u00f9 frequentemente viene servita come\u0026nbsp;\u003Ca style=\u0022margin: 0px; padding: 0px; border: 0px; font-family: inherit; font-size: inherit; font-style: inherit; font-variant: inherit; line-height: inherit; vertical-align: baseline; background-image: none; text-decoration: none; color: #5a3696;\u0022 title=\u0022Contorno\u0022 href=\u0022http:\/\/it.m.wikipedia.org\/wiki\/Contorno\u0022\u003Econtorno\u003C\/a\u003E.\u003C\/p\u003E\u003Cp style=\u0022margin: 0.5em 0px 1em; padding: 0px; border: 0px; font-family: \u0027Helvetica Neue\u0027, Helvetica, \u0027Nimbus Sans L\u0027, Arial, \u0027Liberation Sans\u0027, sans-serif; font-size: 16px; line-height: 26px; vertical-align: baseline; background-image: none; color: #252525; -webkit-tap-highlight-color: rgba(0, 0, 0, 0);\u0022\u003E\u0026nbsp;\u003C\/p\u003E\u003Cp style=\u0022margin: 0.5em 0px 1em; padding: 0px; border: 0px; font-family: \u0027Helvetica Neue\u0027, Helvetica, \u0027Nimbus Sans L\u0027, Arial, \u0027Liberation Sans\u0027, sans-serif; font-size: 16px; line-height: 26px; vertical-align: baseline; background-image: none; color: #252525; -webkit-tap-highlight-color: rgba(0, 0, 0, 0);\u0022\u003Equindi di per non creare problematiche di nome o interpretazione \u00e8 non di gusto ho cambiato anche il nome \u0026nbsp;\u003C\/blockquote\u003Eanche a me ( almeno in cucina) piace il brivido dell imprevisto.. Quindi prover\u00f2 questa... NON RATATOUILLE.. con quello che offre il frigo senza troppo far conto di pesi e misure...\u003C\/p\u003E\n            \u003C\/p\u003E\n        \u003C\/div\u003E\n    \u003C\/div\u003E\n\n            \n        \n\n\n    \n\n\u003Cul class=\u0022commentActions d-flex gap-3 text-primary\u0022\u003E\n            \u003Cli\u003E\n                        \u003Ca\n            href=\u0022javascript:;\u0022\n            rel=\u0022no-follow\u0022\n            class=\u0022loginRequire text-primary fw-medium d-flex align-items-center gap-1\u0022\n            title=\u0022Accedi`\u0022\n                                            \u003E\n    \n                    \u003Cspan class=\u0022icon-user\u0022\u003E\u003C\/span\u003E\n                \u003Cspan class=\u0022\u0022\u003EAccedi\u003C\/span\u003E\n\n            \u003C\/a\u003E\n    \n        \u003C\/li\u003E\n            \u003Cli\u003E\n                \n                \u003Cspan class=\u0022\u0022\u003Eo\u003C\/span\u003E\n\n            \u003C\/a\u003E\n    \n        \u003C\/li\u003E\n            \u003Cli\u003E\n                        \u003Ca\n            href=\u0022javascript:;\u0022\n            rel=\u0022no-follow\u0022\n            class=\u0022loginRequire text-primary fw-medium d-flex align-items-center gap-1\u0022\n            title=\u0022registrati`\u0022\n                                            \u003E\n    \n                    \u003Cspan class=\u0022icon-user\u0022\u003E\u003C\/span\u003E\n                \u003Cspan class=\u0022\u0022\u003Eregistrati\u003C\/span\u003E\n\n            \u003C\/a\u003E\n    \n        \u003C\/li\u003E\n    \u003C\/ul\u003E\n\n\n\n\n\n\n\n\n\n\n\n    \u003C\/li\u003E\n        \n\u003Cli class=\u0022comment  d-flex flex-column gap-2 border-bottom border-dark-subtle pb-4\u0022 id=\u0022comment-187799\u0022\u003E\n    \u003Cdiv class=\u0022d-flex flex-column gap-2\u0022\u003E\n        \u003Cdiv class=\u0022d-flex align-items-center gap-075\u0022\u003E\n            \n    \n\u003Cdiv class=\u0022user-avatar p-0 user-avatar--small\u0022\u003E\n            \u003Ca href=\u0022#\u0022\n   title=\u0022Visualizza profilo utente.\u0022\n   class=\u0022user-avatar p-0 user-avatar--small\u0022\n\u003E\n                    \u003Cimg data-ot-ignore src=\u0022\/user\/picture\/0\/thumb_7070\u0022 alt=\u0022\u0022 class=\u0022user_avatar w-100 h-100 rounded-pill invisible\u0022 onload=\u0022this.classList.remove(\u0027invisible\u0027)\u0022\u003E\n            \u003C\/a\u003E\n    \u003C\/div\u003E\n\n\n                \n\u003Cdiv class=\u0022\u0022\u003E\n    \u003Ca href=\u0022#\u0022\n   title=\u0022 Ospite - Visualizza profilo utente.\u0022\n   class=\u0022fw-bold\u0022\n\u003E\n                        Ospite\n            \u003C\/a\u003E\n\u003C\/div\u003E\n            \u003Cdiv class=\u0022text-black-50\u0022\u003E\n                24. ottobre 2014 - 19:28\n            \u003C\/div\u003E\n        \u003C\/div\u003E\n                                \u003Cdiv class=\u0022content commentContent text-break\u0022\u003E\n                        \u003Cp id=\u0022comment-content-187799\u0022\u003E\n                \u003Cp\u003Efinalmente sono riuscito a trovare le misure degli ingredienti per chi ne ha bisogno. questa volta nel riproporla a tavola ho pesato gli ingredienti . Mi scuso se purtroppo non gli ho inseriti prima ma essendo una ricetta abbozzata con quello che avevo in frigo e sempre ricucinata seguendo la stessa modalit\u00e0. il brivido dell\u0027imprevisto mi piace. Per quanto riguarda il nome l\u0027ho chiamata erroneamente ratatouille considerando che il temine significa e qui cito dal dizionario \u0022La parola\u0026nbsp;\u003Cem style=\u0022color: #252525; font-family: inherit; font-size: inherit; line-height: inherit; -webkit-tap-highlight-color: rgba(0, 0, 0, 0); margin: 0px; padding: 0px; border: 0px; font-variant: inherit; vertical-align: baseline; background-image: none;\u0022\u003Eratatouille\u003C\/em\u003E\u0026nbsp;viene dall\u0027occitano \u0022ratatolha\u0022, simile al francese \u0022touiller\u0022 che significa \u0022rimestare\u0022. La ratatouille era originariamente un piatto per contadini poveri, preparato in estate con verdure fresche. L\u0027originale ratatouille ni\u00e7oise non conteneva le\u0026nbsp;\u003Ca style=\u0022font-family: inherit; font-size: inherit; line-height: inherit; -webkit-tap-highlight-color: rgba(0, 0, 0, 0); margin: 0px; padding: 0px; border: 0px; font-style: inherit; font-variant: inherit; vertical-align: baseline; background-image: none; text-decoration: none; color: #5a3696;\u0022 title=\u0022Solanum melongena\u0022 href=\u0022http:\/\/it.m.wikipedia.org\/wiki\/Solanum_melongena\u0022\u003Emelanzane\u003C\/a\u003E\u0026nbsp;essendo reperibili nello stesso periodo dell\u0027anno altre verdure. Gli ingredienti originari della ratatouille tradizionale sono\u0026nbsp;\u003Ca style=\u0022font-family: inherit; font-size: inherit; line-height: inherit; -webkit-tap-highlight-color: rgba(0, 0, 0, 0); margin: 0px; padding: 0px; border: 0px; font-style: inherit; font-variant: inherit; vertical-align: baseline; background-image: none; text-decoration: none; color: #5a3696;\u0022 title=\u0022Solanum lycopersicum\u0022 href=\u0022http:\/\/it.m.wikipedia.org\/wiki\/Solanum_lycopersicum\u0022\u003Epomodori\u003C\/a\u003E,\u0026nbsp;\u003Ca style=\u0022font-family: inherit; font-size: inherit; line-height: inherit; -webkit-tap-highlight-color: rgba(0, 0, 0, 0); margin: 0px; padding: 0px; border: 0px; font-style: inherit; font-variant: inherit; vertical-align: baseline; background-image: none; text-decoration: none; color: #5a3696;\u0022 title=\u0022Cucurbita pepo\u0022 href=\u0022http:\/\/it.m.wikipedia.org\/wiki\/Cucurbita_pepo\u0022\u003Ezucchine\u003C\/a\u003E,\u0026nbsp;\u003Ca style=\u0022font-family: inherit; font-size: inherit; line-height: inherit; -webkit-tap-highlight-color: rgba(0, 0, 0, 0); margin: 0px; padding: 0px; border: 0px; font-style: inherit; font-variant: inherit; vertical-align: baseline; background-image: none; text-decoration: none; color: #5a3696;\u0022 title=\u0022Capsicum\u0022 href=\u0022http:\/\/it.m.wikipedia.org\/wiki\/Capsicum\u0022\u003Epeperoni\u003C\/a\u003E,\u0026nbsp;\u003Ca style=\u0022font-family: inherit; font-size: inherit; line-height: inherit; -webkit-tap-highlight-color: rgba(0, 0, 0, 0); margin: 0px; padding: 0px; border: 0px; font-style: inherit; font-variant: inherit; vertical-align: baseline; background-image: none; text-decoration: none; color: #5a3696;\u0022 title=\u0022Allium cepa\u0022 href=\u0022http:\/\/it.m.wikipedia.org\/wiki\/Allium_cepa\u0022\u003Ecipolle\u003C\/a\u003E\u0026nbsp;ed\u0026nbsp;\u003Ca style=\u0022font-family: inherit; font-size: inherit; line-height: inherit; -webkit-tap-highlight-color: rgba(0, 0, 0, 0); margin: 0px; padding: 0px; border: 0px; font-style: inherit; font-variant: inherit; vertical-align: baseline; background-image: none; text-decoration: none; color: #5a3696;\u0022 title=\u0022Allium sativum\u0022 href=\u0022http:\/\/it.m.wikipedia.org\/wiki\/Allium_sativum\u0022\u003Eaglio\u003C\/a\u003E. Si possono aggiungere alcune\u0026nbsp;\u003Ca style=\u0022font-family: inherit; font-size: inherit; line-height: inherit; -webkit-tap-highlight-color: rgba(0, 0, 0, 0); margin: 0px; padding: 0px; border: 0px; font-style: inherit; font-variant: inherit; vertical-align: baseline; background-image: none; text-decoration: none; color: #5a3696;\u0022 title=\u0022Erbe di Provenza\u0022 href=\u0022http:\/\/it.m.wikipedia.org\/wiki\/Erbe_di_Provenza\u0022\u003Eerbe di Provenza\u003C\/a\u003Ee\u0026nbsp;\u003Ca style=\u0022font-family: inherit; font-size: inherit; line-height: inherit; -webkit-tap-highlight-color: rgba(0, 0, 0, 0); margin: 0px; padding: 0px; border: 0px; font-style: inherit; font-variant: inherit; vertical-align: baseline; background-image: none; text-decoration: none; color: #5a3696;\u0022 title=\u0022Ocimum basilicum\u0022 href=\u0022http:\/\/it.m.wikipedia.org\/wiki\/Ocimum_basilicum\u0022\u003Ebasilico\u003C\/a\u003E.\u003C\/p\u003E\u003Cp style=\u0022margin: 0.5em 0px 1em; padding: 0px; border: 0px; font-family: \u0027Helvetica Neue\u0027, Helvetica, \u0027Nimbus Sans L\u0027, Arial, \u0027Liberation Sans\u0027, sans-serif; font-size: 16px; line-height: 26px; vertical-align: baseline; background-image: none; color: #252525; -webkit-tap-highlight-color: rgba(0, 0, 0, 0);\u0022\u003ELa ratatouille francese pu\u00f2 essere servita come piatto a s\u00e9 stante (accompagnata da\u0026nbsp;\u003Ca style=\u0022margin: 0px; padding: 0px; border: 0px; font-family: inherit; font-size: inherit; font-style: inherit; font-variant: inherit; line-height: inherit; vertical-align: baseline; background-image: none; text-decoration: none; color: #5a3696;\u0022 title=\u0022Oryza sativa\u0022 href=\u0022http:\/\/it.m.wikipedia.org\/wiki\/Oryza_sativa\u0022\u003Eriso\u003C\/a\u003E,\u0026nbsp;\u003Ca style=\u0022margin: 0px; padding: 0px; border: 0px; font-family: inherit; font-size: inherit; font-style: inherit; font-variant: inherit; line-height: inherit; vertical-align: baseline; background-image: none; text-decoration: none; color: #5a3696;\u0022 title=\u0022Patata (alimento)\u0022 href=\u0022http:\/\/it.m.wikipedia.org\/wiki\/Patata_(alimento)\u0022\u003Epatate\u003C\/a\u003E, o semplice\u0026nbsp;\u003Ca style=\u0022margin: 0px; padding: 0px; border: 0px; font-family: inherit; font-size: inherit; font-style: inherit; font-variant: inherit; line-height: inherit; vertical-align: baseline; background-image: none; text-decoration: none; color: #5a3696;\u0022 title=\u0022Pane\u0022 href=\u0022http:\/\/it.m.wikipedia.org\/wiki\/Pane\u0022\u003Epane\u003C\/a\u003E\u0026nbsp;francese). Pi\u00f9 frequentemente viene servita come\u0026nbsp;\u003Ca style=\u0022margin: 0px; padding: 0px; border: 0px; font-family: inherit; font-size: inherit; font-style: inherit; font-variant: inherit; line-height: inherit; vertical-align: baseline; background-image: none; text-decoration: none; color: #5a3696;\u0022 title=\u0022Contorno\u0022 href=\u0022http:\/\/it.m.wikipedia.org\/wiki\/Contorno\u0022\u003Econtorno\u003C\/a\u003E.\u003C\/p\u003E\u003Cp style=\u0022margin: 0.5em 0px 1em; padding: 0px; border: 0px; font-family: \u0027Helvetica Neue\u0027, Helvetica, \u0027Nimbus Sans L\u0027, Arial, \u0027Liberation Sans\u0027, sans-serif; font-size: 16px; line-height: 26px; vertical-align: baseline; background-image: none; color: #252525; -webkit-tap-highlight-color: rgba(0, 0, 0, 0);\u0022\u003E\u0026nbsp;\u003C\/p\u003E\u003Cp style=\u0022margin: 0.5em 0px 1em; padding: 0px; border: 0px; font-family: \u0027Helvetica Neue\u0027, Helvetica, \u0027Nimbus Sans L\u0027, Arial, \u0027Liberation Sans\u0027, sans-serif; font-size: 16px; line-height: 26px; vertical-align: baseline; background-image: none; color: #252525; -webkit-tap-highlight-color: rgba(0, 0, 0, 0);\u0022\u003Equindi di per non creare problematiche di nome o interpretazione \u00e8 non di gusto ho cambiato anche il nome \u0026nbsp;\n            \u003C\/p\u003E\n        \u003C\/div\u003E\n    \u003C\/div\u003E\n\n            \n        \n\n\n    \n\n\u003Cul class=\u0022commentActions d-flex gap-3 text-primary\u0022\u003E\n            \u003Cli\u003E\n                        \u003Ca\n            href=\u0022javascript:;\u0022\n            rel=\u0022no-follow\u0022\n            class=\u0022loginRequire text-primary fw-medium d-flex align-items-center gap-1\u0022\n            title=\u0022Accedi`\u0022\n                                            \u003E\n    \n                    \u003Cspan class=\u0022icon-user\u0022\u003E\u003C\/span\u003E\n                \u003Cspan class=\u0022\u0022\u003EAccedi\u003C\/span\u003E\n\n            \u003C\/a\u003E\n    \n        \u003C\/li\u003E\n            \u003Cli\u003E\n                \n                \u003Cspan class=\u0022\u0022\u003Eo\u003C\/span\u003E\n\n            \u003C\/a\u003E\n    \n        \u003C\/li\u003E\n            \u003Cli\u003E\n                        \u003Ca\n            href=\u0022javascript:;\u0022\n            rel=\u0022no-follow\u0022\n            class=\u0022loginRequire text-primary fw-medium d-flex align-items-center gap-1\u0022\n            title=\u0022registrati`\u0022\n                                            \u003E\n    \n                    \u003Cspan class=\u0022icon-user\u0022\u003E\u003C\/span\u003E\n                \u003Cspan class=\u0022\u0022\u003Eregistrati\u003C\/span\u003E\n\n            \u003C\/a\u003E\n    \n        \u003C\/li\u003E\n    \u003C\/ul\u003E\n\n\n\n\n\n\n\n\n\n\n\n    \u003C\/li\u003E\n        \n\u003Cli class=\u0022comment  d-flex flex-column gap-2 border-bottom border-dark-subtle pb-4\u0022 id=\u0022comment-187666\u0022\u003E\n    \u003Cdiv class=\u0022d-flex flex-column gap-2\u0022\u003E\n        \u003Cdiv class=\u0022d-flex align-items-center gap-075\u0022\u003E\n            \n    \n\u003Cdiv class=\u0022user-avatar p-0 user-avatar--small\u0022\u003E\n            \u003Ca href=\u0022#\u0022\n   title=\u0022Visualizza profilo utente.\u0022\n   class=\u0022user-avatar p-0 user-avatar--small\u0022\n\u003E\n                    \u003Cimg data-ot-ignore src=\u0022\/user\/picture\/0\/thumb_7070\u0022 alt=\u0022\u0022 class=\u0022user_avatar w-100 h-100 rounded-pill invisible\u0022 onload=\u0022this.classList.remove(\u0027invisible\u0027)\u0022\u003E\n            \u003C\/a\u003E\n    \u003C\/div\u003E\n\n\n                \n\u003Cdiv class=\u0022\u0022\u003E\n    \u003Ca href=\u0022#\u0022\n   title=\u0022 Ospite - Visualizza profilo utente.\u0022\n   class=\u0022fw-bold\u0022\n\u003E\n                        Ospite\n            \u003C\/a\u003E\n\u003C\/div\u003E\n            \u003Cdiv class=\u0022text-black-50\u0022\u003E\n                23. ottobre 2014 - 14:59\n            \u003C\/div\u003E\n        \u003C\/div\u003E\n                                \u003Cdiv class=\u0022content commentContent text-break\u0022\u003E\n                        \u003Cp id=\u0022comment-content-187666\u0022\u003E\n                \u003Cp\u003E\u003Cblockquote\u003E\u003Csmall\u003EMagat\u003C\/small\u003E\u003C\/p\u003E\u003Cp\u003E\u0026nbsp;L ho mangiata in Francia e mi sembrava un po diversa... Ma la prover\u00f2.... Per\u00f2 una cosa.... Sarebbe meglio per noi poco esperte inserire TUTTI GLI INGREDIENTI nella lista...\u0026nbsp;\u003C\/p\u003E\u003Cp\u003E\u003C\/blockquote\u003E\u003C\/p\u003E\u003Cp\u003ECiao! io ancora faccio fatica a concepire la ratatouille col bimby ... ma prima o poi la prover\u00f2... comunque la vera ratatouille si fa con cipolla aglio zucchine peperoni verdi gialli rosso melanzane e pochi pomodori belli maturi baciati dal sole!\u0026nbsp; \u003Cimg class=\u0022tmrc-icons\u0022 src=\u0022\/bundles\/tmrcfront\/js\/tinymce-plugins\/tmrc_emoticons\/img\/love.png\u0022 alt=\u0022Love\u0022 title=\u0022Love\u0022\/\u003E i condimenti sono un\u0022bouquet garni\u0022 timo alloro e rosmarino!\u0026nbsp;\u003C\/p\u003E\u003Cp\u003E\u0026nbsp;\u003C\/p\u003E\u003Cp\u003E\u0026nbsp;\u003C\/p\u003E\u003Cp\u003E\u0026nbsp;\u003C\/p\u003E\u003Cp\u003E\u0026nbsp;\u003C\/p\u003E\n            \u003C\/p\u003E\n        \u003C\/div\u003E\n    \u003C\/div\u003E\n\n            \n        \n\n\n    \n\n\u003Cul class=\u0022commentActions d-flex gap-3 text-primary\u0022\u003E\n            \u003Cli\u003E\n                        \u003Ca\n            href=\u0022javascript:;\u0022\n            rel=\u0022no-follow\u0022\n            class=\u0022loginRequire text-primary fw-medium d-flex align-items-center gap-1\u0022\n            title=\u0022Accedi`\u0022\n                                            \u003E\n    \n                    \u003Cspan class=\u0022icon-user\u0022\u003E\u003C\/span\u003E\n                \u003Cspan class=\u0022\u0022\u003EAccedi\u003C\/span\u003E\n\n            \u003C\/a\u003E\n    \n        \u003C\/li\u003E\n            \u003Cli\u003E\n                \n                \u003Cspan class=\u0022\u0022\u003Eo\u003C\/span\u003E\n\n            \u003C\/a\u003E\n    \n        \u003C\/li\u003E\n            \u003Cli\u003E\n                        \u003Ca\n            href=\u0022javascript:;\u0022\n            rel=\u0022no-follow\u0022\n            class=\u0022loginRequire text-primary fw-medium d-flex align-items-center gap-1\u0022\n            title=\u0022registrati`\u0022\n                                            \u003E\n    \n                    \u003Cspan class=\u0022icon-user\u0022\u003E\u003C\/span\u003E\n                \u003Cspan class=\u0022\u0022\u003Eregistrati\u003C\/span\u003E\n\n            \u003C\/a\u003E\n    \n        \u003C\/li\u003E\n    \u003C\/ul\u003E\n\n\n\n\n\n\n\n\n\n\n\n    \u003C\/li\u003E\n        \n\u003Cli class=\u0022comment  d-flex flex-column gap-2 border-bottom border-dark-subtle pb-4\u0022 id=\u0022comment-187665\u0022\u003E\n    \u003Cdiv class=\u0022d-flex flex-column gap-2\u0022\u003E\n        \u003Cdiv class=\u0022d-flex align-items-center gap-075\u0022\u003E\n            \n    \n\u003Cdiv class=\u0022user-avatar p-0 user-avatar--small\u0022\u003E\n            \u003Ca href=\u0022\/user\/ced578c8-6a11-468c-82ac-6c7b92b7affa\u0022\n   title=\u0022Visualizza profilo utente.\u0022\n   class=\u0022user-avatar p-0 user-avatar--small\u0022\n\u003E\n                    \u003Cimg data-ot-ignore src=\u0022\/user\/picture\/125899\/thumb_7070\u0022 alt=\u0022\u0022 class=\u0022user_avatar w-100 h-100 rounded-pill invisible\u0022 onload=\u0022this.classList.remove(\u0027invisible\u0027)\u0022\u003E\n            \u003C\/a\u003E\n    \u003C\/div\u003E\n\n\n                \n\u003Cdiv class=\u0022\u0022\u003E\n    \u003Ca href=\u0022\/user\/ced578c8-6a11-468c-82ac-6c7b92b7affa\u0022\n   title=\u0022 Magat - Visualizza profilo utente.\u0022\n   class=\u0022fw-bold\u0022\n\u003E\n                        Magat\n            \u003C\/a\u003E\n\u003C\/div\u003E\n            \u003Cdiv class=\u0022text-black-50\u0022\u003E\n                23. ottobre 2014 - 14:51\n            \u003C\/div\u003E\n        \u003C\/div\u003E\n                                                \u003Cdiv class=\u0022item-rating d-flex gap-2 align-items-center\u0022\u003E\n    \u003Cdiv class=\u0022comment-stars comment-edit rating-size-4\u0022 data-id=\u0022xg368xc0-930f1-702391-cfcd2-7ehcz42t\u0022\n         data-average=\u00225\u0022\n         data-rating-titles=\u0022non gradevole|da migliorare|discreta|buona|ottima\u0022\n    \u003E\n        \u003Cinput type=\u0022number\u0022 name=\u0022rating\u0022 class=\u0022comment-rating\u0022 value=\u00225\u0022 readonly \/\u003E\n    \u003C\/div\u003E\n        \u003Cspan class=\u0022fw-semibold rate-amount align-middle\u0022 data-text=\u00225.0\u0022\u003E5.0\u003C\/span\u003E\n\u003C\/div\u003E\n                \u003Cdiv class=\u0022content commentContent text-break\u0022\u003E\n                        \u003Cp id=\u0022comment-content-187665\u0022\u003E\n                \u003Cp\u003E\u0026nbsp;L ho mangiata in Francia e mi sembrava un po diversa... Ma la prover\u00f2.... Per\u00f2 una cosa.... Sarebbe meglio per noi poco esperte inserire TUTTI GLI INGREDIENTI nella lista...\u0026nbsp;\u003C\/p\u003E\n            \u003C\/p\u003E\n        \u003C\/div\u003E\n    \u003C\/div\u003E\n\n            \n        \n\n\n    \n\n\u003Cul class=\u0022commentActions d-flex gap-3 text-primary\u0022\u003E\n            \u003Cli\u003E\n                        \u003Ca\n            href=\u0022javascript:;\u0022\n            rel=\u0022no-follow\u0022\n            class=\u0022loginRequire text-primary fw-medium d-flex align-items-center gap-1\u0022\n            title=\u0022Accedi`\u0022\n                                            \u003E\n    \n                    \u003Cspan class=\u0022icon-user\u0022\u003E\u003C\/span\u003E\n                \u003Cspan class=\u0022\u0022\u003EAccedi\u003C\/span\u003E\n\n            \u003C\/a\u003E\n    \n        \u003C\/li\u003E\n            \u003Cli\u003E\n                \n                \u003Cspan class=\u0022\u0022\u003Eo\u003C\/span\u003E\n\n            \u003C\/a\u003E\n    \n        \u003C\/li\u003E\n            \u003Cli\u003E\n                        \u003Ca\n            href=\u0022javascript:;\u0022\n            rel=\u0022no-follow\u0022\n            class=\u0022loginRequire text-primary fw-medium d-flex align-items-center gap-1\u0022\n            title=\u0022registrati`\u0022\n                                            \u003E\n    \n                    \u003Cspan class=\u0022icon-user\u0022\u003E\u003C\/span\u003E\n                \u003Cspan class=\u0022\u0022\u003Eregistrati\u003C\/span\u003E\n\n            \u003C\/a\u003E\n    \n        \u003C\/li\u003E\n    \u003C\/ul\u003E\n\n\n\n\n\n\n\n\n\n\n\n    \u003C\/li\u003E\n        \n\u003Cli class=\u0022comment  d-flex flex-column gap-2 border-bottom border-dark-subtle pb-4\u0022 id=\u0022comment-187661\u0022\u003E\n    \u003Cdiv class=\u0022d-flex flex-column gap-2\u0022\u003E\n        \u003Cdiv class=\u0022d-flex align-items-center gap-075\u0022\u003E\n            \n    \n\u003Cdiv class=\u0022user-avatar p-0 user-avatar--small\u0022\u003E\n            \u003Ca href=\u0022#\u0022\n   title=\u0022Visualizza profilo utente.\u0022\n   class=\u0022user-avatar p-0 user-avatar--small\u0022\n\u003E\n                    \u003Cimg data-ot-ignore src=\u0022\/user\/picture\/0\/thumb_7070\u0022 alt=\u0022\u0022 class=\u0022user_avatar w-100 h-100 rounded-pill invisible\u0022 onload=\u0022this.classList.remove(\u0027invisible\u0027)\u0022\u003E\n            \u003C\/a\u003E\n    \u003C\/div\u003E\n\n\n                \n\u003Cdiv class=\u0022\u0022\u003E\n    \u003Ca href=\u0022#\u0022\n   title=\u0022 Ospite - Visualizza profilo utente.\u0022\n   class=\u0022fw-bold\u0022\n\u003E\n                        Ospite\n            \u003C\/a\u003E\n\u003C\/div\u003E\n            \u003Cdiv class=\u0022text-black-50\u0022\u003E\n                23. ottobre 2014 - 14:32\n            \u003C\/div\u003E\n        \u003C\/div\u003E\n                                \u003Cdiv class=\u0022content commentContent text-break\u0022\u003E\n                        \u003Cp id=\u0022comment-content-187661\u0022\u003E\n                \u003Cp\u003ECiao Nella ratatouille non ci va la patata !!!\u0026nbsp; \u003Cimg class=\u0022tmrc-icons\u0022 src=\u0022\/bundles\/tmrcfront\/js\/tinymce-plugins\/tmrc_emoticons\/img\/sad.png\u0022 alt=\u0022Cry\u0022 title=\u0022Cry\u0022\/\u003E\u003C\/p\u003E\u003Cp\u003Efimato una provenzale DOC! \u003Cimg class=\u0022tmrc-icons\u0022 src=\u0022\/bundles\/tmrcfront\/js\/tinymce-plugins\/tmrc_emoticons\/img\/bigsmile.png\u0022 alt=\u0022Big Smile\u0022 title=\u0022Big Smile\u0022\/\u003E\u003C\/p\u003E\n            \u003C\/p\u003E\n        \u003C\/div\u003E\n    \u003C\/div\u003E\n\n            \n        \n\n\n    \n\n\u003Cul class=\u0022commentActions d-flex gap-3 text-primary\u0022\u003E\n            \u003Cli\u003E\n                        \u003Ca\n            href=\u0022javascript:;\u0022\n            rel=\u0022no-follow\u0022\n            class=\u0022loginRequire text-primary fw-medium d-flex align-items-center gap-1\u0022\n            title=\u0022Accedi`\u0022\n                                            \u003E\n    \n                    \u003Cspan class=\u0022icon-user\u0022\u003E\u003C\/span\u003E\n                \u003Cspan class=\u0022\u0022\u003EAccedi\u003C\/span\u003E\n\n            \u003C\/a\u003E\n    \n        \u003C\/li\u003E\n            \u003Cli\u003E\n                \n                \u003Cspan class=\u0022\u0022\u003Eo\u003C\/span\u003E\n\n            \u003C\/a\u003E\n    \n        \u003C\/li\u003E\n            \u003Cli\u003E\n                        \u003Ca\n            href=\u0022javascript:;\u0022\n            rel=\u0022no-follow\u0022\n            class=\u0022loginRequire text-primary fw-medium d-flex align-items-center gap-1\u0022\n            title=\u0022registrati`\u0022\n                                            \u003E\n    \n                    \u003Cspan class=\u0022icon-user\u0022\u003E\u003C\/span\u003E\n                \u003Cspan class=\u0022\u0022\u003Eregistrati\u003C\/span\u003E\n\n            \u003C\/a\u003E\n    \n        \u003C\/li\u003E\n    \u003C\/ul\u003E\n\n\n\n\n\n\n\n\n\n\n\n    \u003C\/li\u003E\n        \n\u003Cli class=\u0022comment  d-flex flex-column gap-2 border-bottom border-dark-subtle pb-4\u0022 id=\u0022comment-186540\u0022\u003E\n    \u003Cdiv class=\u0022d-flex flex-column gap-2\u0022\u003E\n        \u003Cdiv class=\u0022d-flex align-items-center gap-075\u0022\u003E\n            \n    \n\u003Cdiv class=\u0022user-avatar p-0 user-avatar--small\u0022\u003E\n            \u003Ca href=\u0022#\u0022\n   title=\u0022Visualizza profilo utente.\u0022\n   class=\u0022user-avatar p-0 user-avatar--small\u0022\n\u003E\n                    \u003Cimg data-ot-ignore src=\u0022\/user\/picture\/0\/thumb_7070\u0022 alt=\u0022\u0022 class=\u0022user_avatar w-100 h-100 rounded-pill invisible\u0022 onload=\u0022this.classList.remove(\u0027invisible\u0027)\u0022\u003E\n            \u003C\/a\u003E\n    \u003C\/div\u003E\n\n\n                \n\u003Cdiv class=\u0022\u0022\u003E\n    \u003Ca href=\u0022#\u0022\n   title=\u0022 Ospite - Visualizza profilo utente.\u0022\n   class=\u0022fw-bold\u0022\n\u003E\n                        Ospite\n            \u003C\/a\u003E\n\u003C\/div\u003E\n            \u003Cdiv class=\u0022text-black-50\u0022\u003E\n                13. ottobre 2014 - 11:17\n            \u003C\/div\u003E\n        \u003C\/div\u003E\n                                \u003Cdiv class=\u0022content commentContent text-break\u0022\u003E\n                        \u003Cp id=\u0022comment-content-186540\u0022\u003E\n                \u003Cp\u003EEssendo una ricetta che ho fatto al volo inserendo gli ingredieti per le loro dimensioni e non per il peso, e vedendo che le problematiche del peso degli ingredienti si fanno sentire, la prossima volta che la preparo peser\u00f2 gli ingredienti e metter\u00f2 le quantit\u00e0, cosi portiamo la pace nel forum \u003Cimg class=\u0022tmrc-icons\u0022 src=\u0022\/bundles\/tmrcfront\/js\/tinymce-plugins\/tmrc_emoticons\/img\/smile.png\u0022 alt=\u0022tmrc_emoticons.)\u0022 title=\u0022tmrc_emoticons.)\u0022\/\u003E))) \u003Cimg class=\u0022tmrc-icons\u0022 src=\u0022\/bundles\/tmrcfront\/js\/tinymce-plugins\/tmrc_emoticons\/img\/smile.png\u0022 alt=\u0022tmrc_emoticons.)\u0022 title=\u0022tmrc_emoticons.)\u0022\/\u003E ti posso comunque assicurare che la ricetta comunque funziona \u003Cimg class=\u0022tmrc-icons\u0022 src=\u0022\/bundles\/tmrcfront\/js\/tinymce-plugins\/tmrc_emoticons\/img\/smile.png\u0022 alt=\u0022tmrc_emoticons.)\u0022 title=\u0022tmrc_emoticons.)\u0022\/\u003E\u0026nbsp; \u003Cimg class=\u0022tmrc-icons\u0022 src=\u0022\/bundles\/tmrcfront\/js\/tinymce-plugins\/tmrc_emoticons\/img\/cooking_4.gif\u0022 alt=\u0022Cooking 4\u0022 title=\u0022Cooking 4\u0022\/\u003E\u0026nbsp;\u0026nbsp; ciaoooooo\u003C\/p\u003E\u003Cp\u003E\u0026nbsp;\u003C\/p\u003E\n            \u003C\/p\u003E\n        \u003C\/div\u003E\n    \u003C\/div\u003E\n\n            \n        \n\n\n    \n\n\u003Cul class=\u0022commentActions d-flex gap-3 text-primary\u0022\u003E\n            \u003Cli\u003E\n                        \u003Ca\n            href=\u0022javascript:;\u0022\n            rel=\u0022no-follow\u0022\n            class=\u0022loginRequire text-primary fw-medium d-flex align-items-center gap-1\u0022\n            title=\u0022Accedi`\u0022\n                                            \u003E\n    \n                    \u003Cspan class=\u0022icon-user\u0022\u003E\u003C\/span\u003E\n                \u003Cspan class=\u0022\u0022\u003EAccedi\u003C\/span\u003E\n\n            \u003C\/a\u003E\n    \n        \u003C\/li\u003E\n            \u003Cli\u003E\n                \n                \u003Cspan class=\u0022\u0022\u003Eo\u003C\/span\u003E\n\n            \u003C\/a\u003E\n    \n        \u003C\/li\u003E\n            \u003Cli\u003E\n                        \u003Ca\n            href=\u0022javascript:;\u0022\n            rel=\u0022no-follow\u0022\n            class=\u0022loginRequire text-primary fw-medium d-flex align-items-center gap-1\u0022\n            title=\u0022registrati`\u0022\n                                            \u003E\n    \n                    \u003Cspan class=\u0022icon-user\u0022\u003E\u003C\/span\u003E\n                \u003Cspan class=\u0022\u0022\u003Eregistrati\u003C\/span\u003E\n\n            \u003C\/a\u003E\n    \n        \u003C\/li\u003E\n    \u003C\/ul\u003E\n\n\n\n\n\n\n\n\n\n\n\n    \u003C\/li\u003E\n        \n\u003Cli class=\u0022comment  d-flex flex-column gap-2 border-bottom border-dark-subtle pb-4\u0022 id=\u0022comment-186539\u0022\u003E\n    \u003Cdiv class=\u0022d-flex flex-column gap-2\u0022\u003E\n        \u003Cdiv class=\u0022d-flex align-items-center gap-075\u0022\u003E\n            \n    \n\u003Cdiv class=\u0022user-avatar p-0 user-avatar--small\u0022\u003E\n            \u003Ca href=\u0022#\u0022\n   title=\u0022Visualizza profilo utente.\u0022\n   class=\u0022user-avatar p-0 user-avatar--small\u0022\n\u003E\n                    \u003Cimg data-ot-ignore src=\u0022\/user\/picture\/0\/thumb_7070\u0022 alt=\u0022\u0022 class=\u0022user_avatar w-100 h-100 rounded-pill invisible\u0022 onload=\u0022this.classList.remove(\u0027invisible\u0027)\u0022\u003E\n            \u003C\/a\u003E\n    \u003C\/div\u003E\n\n\n                \n\u003Cdiv class=\u0022\u0022\u003E\n    \u003Ca href=\u0022#\u0022\n   title=\u0022 Ospite - Visualizza profilo utente.\u0022\n   class=\u0022fw-bold\u0022\n\u003E\n                        Ospite\n            \u003C\/a\u003E\n\u003C\/div\u003E\n            \u003Cdiv class=\u0022text-black-50\u0022\u003E\n                13. ottobre 2014 - 11:12\n            \u003C\/div\u003E\n        \u003C\/div\u003E\n                                \u003Cdiv class=\u0022content commentContent text-break\u0022\u003E\n                        \u003Cp id=\u0022comment-content-186539\u0022\u003E\n                \u003Cp\u003EBellissima ricetta, ma tra gli ingredienti non metti i quantitativi delle verdure. Me li fai sapere per favore? Grazie\u003C\/p\u003E\n            \u003C\/p\u003E\n        \u003C\/div\u003E\n    \u003C\/div\u003E\n\n            \n        \n\n\n    \n\n\u003Cul class=\u0022commentActions d-flex gap-3 text-primary\u0022\u003E\n            \u003Cli\u003E\n                        \u003Ca\n            href=\u0022javascript:;\u0022\n            rel=\u0022no-follow\u0022\n            class=\u0022loginRequire text-primary fw-medium d-flex align-items-center gap-1\u0022\n            title=\u0022Accedi`\u0022\n                                            \u003E\n    \n                    \u003Cspan class=\u0022icon-user\u0022\u003E\u003C\/span\u003E\n                \u003Cspan class=\u0022\u0022\u003EAccedi\u003C\/span\u003E\n\n            \u003C\/a\u003E\n    \n        \u003C\/li\u003E\n            \u003Cli\u003E\n                \n                \u003Cspan class=\u0022\u0022\u003Eo\u003C\/span\u003E\n\n            \u003C\/a\u003E\n    \n        \u003C\/li\u003E\n            \u003Cli\u003E\n                        \u003Ca\n            href=\u0022javascript:;\u0022\n            rel=\u0022no-follow\u0022\n            class=\u0022loginRequire text-primary fw-medium d-flex align-items-center gap-1\u0022\n            title=\u0022registrati`\u0022\n                                            \u003E\n    \n                    \u003Cspan class=\u0022icon-user\u0022\u003E\u003C\/span\u003E\n                \u003Cspan class=\u0022\u0022\u003Eregistrati\u003C\/span\u003E\n\n            \u003C\/a\u003E\n    \n        \u003C\/li\u003E\n    \u003C\/ul\u003E\n\n\n\n\n\n\n\n\n\n\n\n    \u003C\/li\u003E\n        \n\u003Cli class=\u0022comment  d-flex flex-column gap-2 border-bottom border-dark-subtle pb-4\u0022 id=\u0022comment-186270\u0022\u003E\n    \u003Cdiv class=\u0022d-flex flex-column gap-2\u0022\u003E\n        \u003Cdiv class=\u0022d-flex align-items-center gap-075\u0022\u003E\n            \n    \n\u003Cdiv class=\u0022user-avatar p-0 user-avatar--small\u0022\u003E\n            \u003Ca href=\u0022#\u0022\n   title=\u0022Visualizza profilo utente.\u0022\n   class=\u0022user-avatar p-0 user-avatar--small\u0022\n\u003E\n                    \u003Cimg data-ot-ignore src=\u0022\/user\/picture\/0\/thumb_7070\u0022 alt=\u0022\u0022 class=\u0022user_avatar w-100 h-100 rounded-pill invisible\u0022 onload=\u0022this.classList.remove(\u0027invisible\u0027)\u0022\u003E\n            \u003C\/a\u003E\n    \u003C\/div\u003E\n\n\n                \n\u003Cdiv class=\u0022\u0022\u003E\n    \u003Ca href=\u0022#\u0022\n   title=\u0022 Ospite - Visualizza profilo utente.\u0022\n   class=\u0022fw-bold\u0022\n\u003E\n                        Ospite\n            \u003C\/a\u003E\n\u003C\/div\u003E\n            \u003Cdiv class=\u0022text-black-50\u0022\u003E\n                10. ottobre 2014 - 08:47\n            \u003C\/div\u003E\n        \u003C\/div\u003E\n                                \u003Cdiv class=\u0022content commentContent text-break\u0022\u003E\n                        \u003Cp id=\u0022comment-content-186270\u0022\u003E\n                \u003CP\u003ESono d\u0027accordo con pizza58... almeno inserire fra gli ingredienti le verdure necessarie.. poi vedro\u0027 io quanto metterne, ma almeno sapere cosa devi avere in casa per preparare il piatto... solo per questione di comodit\u00e0\/organizzazione!\u003C\/P\u003E\u003Cbr \/\u003E\r\n\u003CP\u003EAl di l\u00e0 di questo mi sa che la preparer\u00f2 presto, sono sempre alla ricerca di nuovi modi per offrire le verdure a tavola!\u003C\/P\u003E\u003Cbr \/\u003E\r\n\u003CP\u003E\u003Cimg class=\u0022tmrc-icons\u0022 src=\u0022\/bundles\/tmrcfront\/js\/tinymce-plugins\/tmrc_emoticons\/img\/smile.png\u0022 alt=\u0022tmrc_emoticons.)\u0022 title=\u0022tmrc_emoticons.)\u0022\/\u003E\u003C\/P\u003E\n            \u003C\/p\u003E\n        \u003C\/div\u003E\n    \u003C\/div\u003E\n\n            \n        \n\n\n    \n\n\u003Cul class=\u0022commentActions d-flex gap-3 text-primary\u0022\u003E\n            \u003Cli\u003E\n                        \u003Ca\n            href=\u0022javascript:;\u0022\n            rel=\u0022no-follow\u0022\n            class=\u0022loginRequire text-primary fw-medium d-flex align-items-center gap-1\u0022\n            title=\u0022Accedi`\u0022\n                                            \u003E\n    \n                    \u003Cspan class=\u0022icon-user\u0022\u003E\u003C\/span\u003E\n                \u003Cspan class=\u0022\u0022\u003EAccedi\u003C\/span\u003E\n\n            \u003C\/a\u003E\n    \n        \u003C\/li\u003E\n            \u003Cli\u003E\n                \n                \u003Cspan class=\u0022\u0022\u003Eo\u003C\/span\u003E\n\n            \u003C\/a\u003E\n    \n        \u003C\/li\u003E\n            \u003Cli\u003E\n                        \u003Ca\n            href=\u0022javascript:;\u0022\n            rel=\u0022no-follow\u0022\n            class=\u0022loginRequire text-primary fw-medium d-flex align-items-center gap-1\u0022\n            title=\u0022registrati`\u0022\n                                            \u003E\n    \n                    \u003Cspan class=\u0022icon-user\u0022\u003E\u003C\/span\u003E\n                \u003Cspan class=\u0022\u0022\u003Eregistrati\u003C\/span\u003E\n\n            \u003C\/a\u003E\n    \n        \u003C\/li\u003E\n    \u003C\/ul\u003E\n\n\n\n\n\n\n\n\n\n\n\n    \u003C\/li\u003E\n                    \n        \u003Cnav aria-label=\u0022Page navigation\u0022 class=\u0022pager d-flex justify-content-center py-3\u0022\u003E\n        \u003Cul class=\u0022pagination\u0022\u003E\n                                            \u003Cli class=\u0022page-item\u0022\u003E\n                    \u003Ca class=\u0022page-link icon-double-arrow-left\u0022 href=\u0022\/recipes\/comments\/recipe\/xg368xc0-930f1-702391-cfcd2-7ehcz42t\u0022 rel=\u0022first\u0022\u003E\u003C\/a\u003E\n                \u003C\/li\u003E\n                                \u003Cli class=\u0022page-item\u0022\u003E\n                                                                                    \u003Ca href=\u0022\/recipes\/comments\/recipe\/xg368xc0-930f1-702391-cfcd2-7ehcz42t\u0022 rel=\u0022prev\u0022 class=\u0022page-link icon-arrow-left\u0022\u003E\u003C\/a\u003E\n                \u003C\/li\u003E\n            \n                                                \u003Cli class=\u0022page-item\u0022\u003E\n                                                    \u003Ca href=\u0022\/recipes\/comments\/recipe\/xg368xc0-930f1-702391-cfcd2-7ehcz42t\u0022 class=\u0022page-link\u0022\u003E1\u003C\/a\u003E\n                                            \u003C\/li\u003E\n                                                                \u003Cli class=\u0022page-item\u0022\u003E\u003Cspan class=\u0022page-link bg-secondary-subtle rounded active text-dark z-0\u0022 aria-current=\u0022page\u0022 data-url=\u0022\/recipes\/comments\/recipe\/xg368xc0-930f1-702391-cfcd2-7ehcz42t?page=2\u0022\u003E2\u003C\/span\u003E\u003C\/li\u003E\n                                                                \u003Cli class=\u0022page-item\u0022\u003E\n                                                    \u003Ca href=\u0022\/recipes\/comments\/recipe\/xg368xc0-930f1-702391-cfcd2-7ehcz42t?page=3\u0022 class=\u0022page-link\u0022\u003E3\u003C\/a\u003E\n                                            \u003C\/li\u003E\n                            \n                                            \u003Cli class=\u0022page-item\u0022\u003E\n                    \u003Ca href=\u0022\/recipes\/comments\/recipe\/xg368xc0-930f1-702391-cfcd2-7ehcz42t?page=3\u0022 rel=\u0022next\u0022 class=\u0022page-link icon-arrow-right bg-transparent\u0022\u003E\u003C\/a\u003E\n                \u003C\/li\u003E\n                                \u003Cli class=\u0022page-item\u0022\u003E\n                    \u003Ca href=\u0022\/recipes\/comments\/recipe\/xg368xc0-930f1-702391-cfcd2-7ehcz42t?page=3\u0022 rel=\u0022last\u0022 class=\u0022page-link icon-double-arrow-right bg-transparent\u0022\u003E\u003C\/a\u003E\n                \u003C\/li\u003E\n                    \u003C\/ul\u003E\n    \u003C\/nav\u003E\n","count":22}