{"success":true,"html":"        \n\u003Cli class=\u0022comment  d-flex flex-column gap-2 border-bottom border-dark-subtle pb-4\u0022 id=\u0022comment-208463\u0022\u003E\n    \u003Cdiv class=\u0022d-flex flex-column gap-2\u0022\u003E\n        \u003Cdiv class=\u0022d-flex align-items-center gap-075\u0022\u003E\n            \n    \n\u003Cdiv class=\u0022user-avatar p-0 user-avatar--small\u0022\u003E\n            \u003Ca href=\u0022#\u0022\n   title=\u0022Visualizza profilo utente.\u0022\n   class=\u0022user-avatar p-0 user-avatar--small\u0022\n\u003E\n                    \u003Cimg data-ot-ignore src=\u0022\/user\/picture\/0\/thumb_7070\u0022 alt=\u0022\u0022 class=\u0022user_avatar w-100 h-100 rounded-pill invisible\u0022 onload=\u0022this.classList.remove(\u0027invisible\u0027)\u0022\u003E\n            \u003C\/a\u003E\n    \u003C\/div\u003E\n\n\n                \n\u003Cdiv class=\u0022\u0022\u003E\n    \u003Ca href=\u0022#\u0022\n   title=\u0022 Ospite - Visualizza profilo utente.\u0022\n   class=\u0022fw-bold\u0022\n\u003E\n                        Ospite\n            \u003C\/a\u003E\n\u003C\/div\u003E\n            \u003Cdiv class=\u0022text-black-50\u0022\u003E\n                6. giugno 2015 - 17:49\n            \u003C\/div\u003E\n        \u003C\/div\u003E\n                                \u003Cdiv class=\u0022content commentContent text-break\u0022\u003E\n                        \u003Cp id=\u0022comment-content-208463\u0022\u003E\n                \u003Cp\u003EGrazie mille per il consiglio!\u003C\/p\u003E\u003Cp\u003Ea presto\u0026nbsp;\u003C\/p\u003E\u003Cp\u003EAntonellina\u003C\/p\u003E\n            \u003C\/p\u003E\n        \u003C\/div\u003E\n    \u003C\/div\u003E\n\n            \n        \n\n\n    \n\n\u003Cul class=\u0022commentActions d-flex gap-3 text-primary\u0022\u003E\n            \u003Cli\u003E\n                        \u003Ca\n            href=\u0022javascript:;\u0022\n            rel=\u0022no-follow\u0022\n            class=\u0022loginRequire text-primary fw-medium d-flex align-items-center gap-1\u0022\n            title=\u0022Accedi`\u0022\n                                            \u003E\n    \n                    \u003Cspan class=\u0022icon-user\u0022\u003E\u003C\/span\u003E\n                \u003Cspan class=\u0022\u0022\u003EAccedi\u003C\/span\u003E\n\n            \u003C\/a\u003E\n    \n        \u003C\/li\u003E\n            \u003Cli\u003E\n                \n                \u003Cspan class=\u0022\u0022\u003Eo\u003C\/span\u003E\n\n            \u003C\/a\u003E\n    \n        \u003C\/li\u003E\n            \u003Cli\u003E\n                        \u003Ca\n            href=\u0022javascript:;\u0022\n            rel=\u0022no-follow\u0022\n            class=\u0022loginRequire text-primary fw-medium d-flex align-items-center gap-1\u0022\n            title=\u0022registrati`\u0022\n                                            \u003E\n    \n                    \u003Cspan class=\u0022icon-user\u0022\u003E\u003C\/span\u003E\n                \u003Cspan class=\u0022\u0022\u003Eregistrati\u003C\/span\u003E\n\n            \u003C\/a\u003E\n    \n        \u003C\/li\u003E\n    \u003C\/ul\u003E\n\n\n\n\n\n\n\n\n\n\n\n    \u003C\/li\u003E\n        \n\u003Cli class=\u0022comment  d-flex flex-column gap-2 border-bottom border-dark-subtle pb-4\u0022 id=\u0022comment-208461\u0022\u003E\n    \u003Cdiv class=\u0022d-flex flex-column gap-2\u0022\u003E\n        \u003Cdiv class=\u0022d-flex align-items-center gap-075\u0022\u003E\n            \n    \n\u003Cdiv class=\u0022user-avatar p-0 user-avatar--small\u0022\u003E\n            \u003Ca href=\u0022\/user\/083dc625-816e-4745-8f11-b5b4aa015780\u0022\n   title=\u0022Visualizza profilo utente.\u0022\n   class=\u0022user-avatar p-0 user-avatar--small\u0022\n\u003E\n                    \u003Cimg data-ot-ignore src=\u0022\/user\/picture\/12134\/thumb_7070\u0022 alt=\u0022\u0022 class=\u0022user_avatar w-100 h-100 rounded-pill invisible\u0022 onload=\u0022this.classList.remove(\u0027invisible\u0027)\u0022\u003E\n            \u003C\/a\u003E\n    \u003C\/div\u003E\n\n\n                \n\u003Cdiv class=\u0022\u0022\u003E\n    \u003Ca href=\u0022\/user\/083dc625-816e-4745-8f11-b5b4aa015780\u0022\n   title=\u0022 rosa47 - Visualizza profilo utente.\u0022\n   class=\u0022fw-bold\u0022\n\u003E\n                        rosa47\n            \u003C\/a\u003E\n\u003C\/div\u003E\n            \u003Cdiv class=\u0022text-black-50\u0022\u003E\n                6. giugno 2015 - 17:19\n            \u003C\/div\u003E\n        \u003C\/div\u003E\n                                \u003Cdiv class=\u0022content commentContent text-break\u0022\u003E\n                        \u003Cp id=\u0022comment-content-208461\u0022\u003E\n                \u003Cp\u003E\u003Cblockquote\u003E\u003Csmall\u003EAntonellina_74\u003C\/small\u003E\u003C\/p\u003E\u003Cp\u003ESi si ho messo la temperatura a 200 e ho lasciato un paio di min in pi\u00f9 il pane nel forno\u003C\/p\u003E\u003Cp\u003Eantonellina\u003C\/p\u003E\u003Cp\u003E\u003C\/blockquote\u003Eprova la prossima volta ad alzare la temperatura del forno,perch\u00e9 secondo me \u00e8 solo questione si forno\u003C\/p\u003E\n            \u003C\/p\u003E\n        \u003C\/div\u003E\n    \u003C\/div\u003E\n\n            \n        \n\n\n    \n\n\u003Cul class=\u0022commentActions d-flex gap-3 text-primary\u0022\u003E\n            \u003Cli\u003E\n                        \u003Ca\n            href=\u0022javascript:;\u0022\n            rel=\u0022no-follow\u0022\n            class=\u0022loginRequire text-primary fw-medium d-flex align-items-center gap-1\u0022\n            title=\u0022Accedi`\u0022\n                                            \u003E\n    \n                    \u003Cspan class=\u0022icon-user\u0022\u003E\u003C\/span\u003E\n                \u003Cspan class=\u0022\u0022\u003EAccedi\u003C\/span\u003E\n\n            \u003C\/a\u003E\n    \n        \u003C\/li\u003E\n            \u003Cli\u003E\n                \n                \u003Cspan class=\u0022\u0022\u003Eo\u003C\/span\u003E\n\n            \u003C\/a\u003E\n    \n        \u003C\/li\u003E\n            \u003Cli\u003E\n                        \u003Ca\n            href=\u0022javascript:;\u0022\n            rel=\u0022no-follow\u0022\n            class=\u0022loginRequire text-primary fw-medium d-flex align-items-center gap-1\u0022\n            title=\u0022registrati`\u0022\n                                            \u003E\n    \n                    \u003Cspan class=\u0022icon-user\u0022\u003E\u003C\/span\u003E\n                \u003Cspan class=\u0022\u0022\u003Eregistrati\u003C\/span\u003E\n\n            \u003C\/a\u003E\n    \n        \u003C\/li\u003E\n    \u003C\/ul\u003E\n\n\n\n\n\n\n\n\n\n\n\n    \u003C\/li\u003E\n        \n\u003Cli class=\u0022comment  d-flex flex-column gap-2 border-bottom border-dark-subtle pb-4\u0022 id=\u0022comment-208410\u0022\u003E\n    \u003Cdiv class=\u0022d-flex flex-column gap-2\u0022\u003E\n        \u003Cdiv class=\u0022d-flex align-items-center gap-075\u0022\u003E\n            \n    \n\u003Cdiv class=\u0022user-avatar p-0 user-avatar--small\u0022\u003E\n            \u003Ca href=\u0022#\u0022\n   title=\u0022Visualizza profilo utente.\u0022\n   class=\u0022user-avatar p-0 user-avatar--small\u0022\n\u003E\n                    \u003Cimg data-ot-ignore src=\u0022\/user\/picture\/0\/thumb_7070\u0022 alt=\u0022\u0022 class=\u0022user_avatar w-100 h-100 rounded-pill invisible\u0022 onload=\u0022this.classList.remove(\u0027invisible\u0027)\u0022\u003E\n            \u003C\/a\u003E\n    \u003C\/div\u003E\n\n\n                \n\u003Cdiv class=\u0022\u0022\u003E\n    \u003Ca href=\u0022#\u0022\n   title=\u0022 Ospite - Visualizza profilo utente.\u0022\n   class=\u0022fw-bold\u0022\n\u003E\n                        Ospite\n            \u003C\/a\u003E\n\u003C\/div\u003E\n            \u003Cdiv class=\u0022text-black-50\u0022\u003E\n                5. giugno 2015 - 18:00\n            \u003C\/div\u003E\n        \u003C\/div\u003E\n                                \u003Cdiv class=\u0022content commentContent text-break\u0022\u003E\n                        \u003Cp id=\u0022comment-content-208410\u0022\u003E\n                \u003Cp\u003ESi si ho messo la temperatura a 200 e ho lasciato un paio di min in pi\u00f9 il pane nel forno\u003C\/p\u003E\u003Cp\u003Eantonellina\u003C\/p\u003E\n            \u003C\/p\u003E\n        \u003C\/div\u003E\n    \u003C\/div\u003E\n\n            \n        \n\n\n    \n\n\u003Cul class=\u0022commentActions d-flex gap-3 text-primary\u0022\u003E\n            \u003Cli\u003E\n                        \u003Ca\n            href=\u0022javascript:;\u0022\n            rel=\u0022no-follow\u0022\n            class=\u0022loginRequire text-primary fw-medium d-flex align-items-center gap-1\u0022\n            title=\u0022Accedi`\u0022\n                                            \u003E\n    \n                    \u003Cspan class=\u0022icon-user\u0022\u003E\u003C\/span\u003E\n                \u003Cspan class=\u0022\u0022\u003EAccedi\u003C\/span\u003E\n\n            \u003C\/a\u003E\n    \n        \u003C\/li\u003E\n            \u003Cli\u003E\n                \n                \u003Cspan class=\u0022\u0022\u003Eo\u003C\/span\u003E\n\n            \u003C\/a\u003E\n    \n        \u003C\/li\u003E\n            \u003Cli\u003E\n                        \u003Ca\n            href=\u0022javascript:;\u0022\n            rel=\u0022no-follow\u0022\n            class=\u0022loginRequire text-primary fw-medium d-flex align-items-center gap-1\u0022\n            title=\u0022registrati`\u0022\n                                            \u003E\n    \n                    \u003Cspan class=\u0022icon-user\u0022\u003E\u003C\/span\u003E\n                \u003Cspan class=\u0022\u0022\u003Eregistrati\u003C\/span\u003E\n\n            \u003C\/a\u003E\n    \n        \u003C\/li\u003E\n    \u003C\/ul\u003E\n\n\n\n\n\n\n\n\n\n\n\n    \u003C\/li\u003E\n        \n\u003Cli class=\u0022comment  d-flex flex-column gap-2 border-bottom border-dark-subtle pb-4\u0022 id=\u0022comment-208401\u0022\u003E\n    \u003Cdiv class=\u0022d-flex flex-column gap-2\u0022\u003E\n        \u003Cdiv class=\u0022d-flex align-items-center gap-075\u0022\u003E\n            \n    \n\u003Cdiv class=\u0022user-avatar p-0 user-avatar--small\u0022\u003E\n            \u003Ca href=\u0022\/user\/083dc625-816e-4745-8f11-b5b4aa015780\u0022\n   title=\u0022Visualizza profilo utente.\u0022\n   class=\u0022user-avatar p-0 user-avatar--small\u0022\n\u003E\n                    \u003Cimg data-ot-ignore src=\u0022\/user\/picture\/12134\/thumb_7070\u0022 alt=\u0022\u0022 class=\u0022user_avatar w-100 h-100 rounded-pill invisible\u0022 onload=\u0022this.classList.remove(\u0027invisible\u0027)\u0022\u003E\n            \u003C\/a\u003E\n    \u003C\/div\u003E\n\n\n                \n\u003Cdiv class=\u0022\u0022\u003E\n    \u003Ca href=\u0022\/user\/083dc625-816e-4745-8f11-b5b4aa015780\u0022\n   title=\u0022 rosa47 - Visualizza profilo utente.\u0022\n   class=\u0022fw-bold\u0022\n\u003E\n                        rosa47\n            \u003C\/a\u003E\n\u003C\/div\u003E\n            \u003Cdiv class=\u0022text-black-50\u0022\u003E\n                5. giugno 2015 - 15:46\n            \u003C\/div\u003E\n        \u003C\/div\u003E\n                                \u003Cdiv class=\u0022content commentContent text-break\u0022\u003E\n                        \u003Cp id=\u0022comment-content-208401\u0022\u003E\n                \u003Cp\u003E\u003Cblockquote\u003E\u003Csmall\u003EAntonellina_74\u003C\/small\u003E\u003C\/p\u003E\u003Cp\u003ECiao Rosa,\u003C\/p\u003E\u003Cp\u003Eieri ho fatto il tuo pancarr\u00e8, FANTASTICO. Non ho mai fatto un pane cos\u00ec morbido sia dentro che fuori. Le tue ricette sono sempre una garanzia \u003Cimg class=\u0022tmrc-icons\u0022 src=\u0022\/bundles\/tmrcfront\/js\/tinymce-plugins\/tmrc_emoticons\/img\/bigsmile.png\u0022 alt=\u0022Big Smile\u0022 title=\u0022Big Smile\u0022\/\u003E\u003C\/p\u003E\u003Cp\u003EL\u0027impasto mi \u00e8 rimasto molto appiccicoso, anche dopo che l\u0027ho lasciato lievitare nello stampo e la crosta non mi \u00e8 venuta bella come la tua (guardando le foto). Forse ho sbagliato qualcosa?\u003C\/p\u003E\u003Cp\u003EPer il resto \u00e8 veramente buono, anzi ottimo. Stelline meritatissime!!!!! \u003Cimg class=\u0022tmrc-icons\u0022 src=\u0022\/bundles\/tmrcfront\/js\/tinymce-plugins\/tmrc_emoticons\/img\/love.png\u0022 alt=\u0022Love\u0022 title=\u0022Love\u0022\/\u003E\u003C\/p\u003E\u003Cp\u003EAntonellina\u003C\/p\u003E\u003Cp\u003E\u003C\/blockquote\u003El\u0027impasto \u00e8 molto appiccicoso per questo \u00e8 cos\u00ec morbido,il problema della crosta \u00e9 dovuta dal forno l\u0027hai inserito quando la temperatura del forno era 200 gradi ?\u003C\/p\u003E\n            \u003C\/p\u003E\n        \u003C\/div\u003E\n    \u003C\/div\u003E\n\n            \n        \n\n\n    \n\n\u003Cul class=\u0022commentActions d-flex gap-3 text-primary\u0022\u003E\n            \u003Cli\u003E\n                        \u003Ca\n            href=\u0022javascript:;\u0022\n            rel=\u0022no-follow\u0022\n            class=\u0022loginRequire text-primary fw-medium d-flex align-items-center gap-1\u0022\n            title=\u0022Accedi`\u0022\n                                            \u003E\n    \n                    \u003Cspan class=\u0022icon-user\u0022\u003E\u003C\/span\u003E\n                \u003Cspan class=\u0022\u0022\u003EAccedi\u003C\/span\u003E\n\n            \u003C\/a\u003E\n    \n        \u003C\/li\u003E\n            \u003Cli\u003E\n                \n                \u003Cspan class=\u0022\u0022\u003Eo\u003C\/span\u003E\n\n            \u003C\/a\u003E\n    \n        \u003C\/li\u003E\n            \u003Cli\u003E\n                        \u003Ca\n            href=\u0022javascript:;\u0022\n            rel=\u0022no-follow\u0022\n            class=\u0022loginRequire text-primary fw-medium d-flex align-items-center gap-1\u0022\n            title=\u0022registrati`\u0022\n                                            \u003E\n    \n                    \u003Cspan class=\u0022icon-user\u0022\u003E\u003C\/span\u003E\n                \u003Cspan class=\u0022\u0022\u003Eregistrati\u003C\/span\u003E\n\n            \u003C\/a\u003E\n    \n        \u003C\/li\u003E\n    \u003C\/ul\u003E\n\n\n\n\n\n\n\n\n\n\n\n    \u003C\/li\u003E\n        \n\u003Cli class=\u0022comment  d-flex flex-column gap-2 border-bottom border-dark-subtle pb-4\u0022 id=\u0022comment-208384\u0022\u003E\n    \u003Cdiv class=\u0022d-flex flex-column gap-2\u0022\u003E\n        \u003Cdiv class=\u0022d-flex align-items-center gap-075\u0022\u003E\n            \n    \n\u003Cdiv class=\u0022user-avatar p-0 user-avatar--small\u0022\u003E\n            \u003Ca href=\u0022#\u0022\n   title=\u0022Visualizza profilo utente.\u0022\n   class=\u0022user-avatar p-0 user-avatar--small\u0022\n\u003E\n                    \u003Cimg data-ot-ignore src=\u0022\/user\/picture\/0\/thumb_7070\u0022 alt=\u0022\u0022 class=\u0022user_avatar w-100 h-100 rounded-pill invisible\u0022 onload=\u0022this.classList.remove(\u0027invisible\u0027)\u0022\u003E\n            \u003C\/a\u003E\n    \u003C\/div\u003E\n\n\n                \n\u003Cdiv class=\u0022\u0022\u003E\n    \u003Ca href=\u0022#\u0022\n   title=\u0022 Ospite - Visualizza profilo utente.\u0022\n   class=\u0022fw-bold\u0022\n\u003E\n                        Ospite\n            \u003C\/a\u003E\n\u003C\/div\u003E\n            \u003Cdiv class=\u0022text-black-50\u0022\u003E\n                5. giugno 2015 - 09:47\n            \u003C\/div\u003E\n        \u003C\/div\u003E\n                                \u003Cdiv class=\u0022content commentContent text-break\u0022\u003E\n                        \u003Cp id=\u0022comment-content-208384\u0022\u003E\n                \u003Cp\u003ECiao Rosa,\u003C\/p\u003E\u003Cp\u003Eieri ho fatto il tuo pancarr\u00e8, FANTASTICO. Non ho mai fatto un pane cos\u00ec morbido sia dentro che fuori. Le tue ricette sono sempre una garanzia \u003Cimg class=\u0022tmrc-icons\u0022 src=\u0022\/bundles\/tmrcfront\/js\/tinymce-plugins\/tmrc_emoticons\/img\/bigsmile.png\u0022 alt=\u0022Big Smile\u0022 title=\u0022Big Smile\u0022\/\u003E\u003C\/p\u003E\u003Cp\u003EL\u0027impasto mi \u00e8 rimasto molto appiccicoso, anche dopo che l\u0027ho lasciato lievitare nello stampo e la crosta non mi \u00e8 venuta bella come la tua (guardando le foto). Forse ho sbagliato qualcosa?\u003C\/p\u003E\u003Cp\u003EPer il resto \u00e8 veramente buono, anzi ottimo. Stelline meritatissime!!!!! \u003Cimg class=\u0022tmrc-icons\u0022 src=\u0022\/bundles\/tmrcfront\/js\/tinymce-plugins\/tmrc_emoticons\/img\/love.png\u0022 alt=\u0022Love\u0022 title=\u0022Love\u0022\/\u003E\u003C\/p\u003E\u003Cp\u003EAntonellina\u003C\/p\u003E\n            \u003C\/p\u003E\n        \u003C\/div\u003E\n    \u003C\/div\u003E\n\n            \n        \n\n\n    \n\n\u003Cul class=\u0022commentActions d-flex gap-3 text-primary\u0022\u003E\n            \u003Cli\u003E\n                        \u003Ca\n            href=\u0022javascript:;\u0022\n            rel=\u0022no-follow\u0022\n            class=\u0022loginRequire text-primary fw-medium d-flex align-items-center gap-1\u0022\n            title=\u0022Accedi`\u0022\n                                            \u003E\n    \n                    \u003Cspan class=\u0022icon-user\u0022\u003E\u003C\/span\u003E\n                \u003Cspan class=\u0022\u0022\u003EAccedi\u003C\/span\u003E\n\n            \u003C\/a\u003E\n    \n        \u003C\/li\u003E\n            \u003Cli\u003E\n                \n                \u003Cspan class=\u0022\u0022\u003Eo\u003C\/span\u003E\n\n            \u003C\/a\u003E\n    \n        \u003C\/li\u003E\n            \u003Cli\u003E\n                        \u003Ca\n            href=\u0022javascript:;\u0022\n            rel=\u0022no-follow\u0022\n            class=\u0022loginRequire text-primary fw-medium d-flex align-items-center gap-1\u0022\n            title=\u0022registrati`\u0022\n                                            \u003E\n    \n                    \u003Cspan class=\u0022icon-user\u0022\u003E\u003C\/span\u003E\n                \u003Cspan class=\u0022\u0022\u003Eregistrati\u003C\/span\u003E\n\n            \u003C\/a\u003E\n    \n        \u003C\/li\u003E\n    \u003C\/ul\u003E\n\n\n\n\n\n\n\n\n\n\n\n    \u003C\/li\u003E\n        \n\u003Cli class=\u0022comment  d-flex flex-column gap-2 border-bottom border-dark-subtle pb-4\u0022 id=\u0022comment-202622\u0022\u003E\n    \u003Cdiv class=\u0022d-flex flex-column gap-2\u0022\u003E\n        \u003Cdiv class=\u0022d-flex align-items-center gap-075\u0022\u003E\n            \n    \n\u003Cdiv class=\u0022user-avatar p-0 user-avatar--small\u0022\u003E\n            \u003Ca href=\u0022\/user\/083dc625-816e-4745-8f11-b5b4aa015780\u0022\n   title=\u0022Visualizza profilo utente.\u0022\n   class=\u0022user-avatar p-0 user-avatar--small\u0022\n\u003E\n                    \u003Cimg data-ot-ignore src=\u0022\/user\/picture\/12134\/thumb_7070\u0022 alt=\u0022\u0022 class=\u0022user_avatar w-100 h-100 rounded-pill invisible\u0022 onload=\u0022this.classList.remove(\u0027invisible\u0027)\u0022\u003E\n            \u003C\/a\u003E\n    \u003C\/div\u003E\n\n\n                \n\u003Cdiv class=\u0022\u0022\u003E\n    \u003Ca href=\u0022\/user\/083dc625-816e-4745-8f11-b5b4aa015780\u0022\n   title=\u0022 rosa47 - Visualizza profilo utente.\u0022\n   class=\u0022fw-bold\u0022\n\u003E\n                        rosa47\n            \u003C\/a\u003E\n\u003C\/div\u003E\n            \u003Cdiv class=\u0022text-black-50\u0022\u003E\n                23. marzo 2015 - 17:36\n            \u003C\/div\u003E\n        \u003C\/div\u003E\n                                \u003Cdiv class=\u0022content commentContent text-break\u0022\u003E\n                        \u003Cp id=\u0022comment-content-202622\u0022\u003E\n                \u003Cp\u003E\u003Cblockquote\u003E\u003Csmall\u003ELiana63\u003C\/small\u003E\u003C\/p\u003E\u003Cp\u003EBravissima e\u0027 super buono 10 stelline !!!\u003C\/p\u003E\u003Cp\u003E\u003C\/blockquote\u003E Sono contenta che ti sia piaciuto\u003C\/p\u003E\n            \u003C\/p\u003E\n        \u003C\/div\u003E\n    \u003C\/div\u003E\n\n            \n        \n\n\n    \n\n\u003Cul class=\u0022commentActions d-flex gap-3 text-primary\u0022\u003E\n            \u003Cli\u003E\n                        \u003Ca\n            href=\u0022javascript:;\u0022\n            rel=\u0022no-follow\u0022\n            class=\u0022loginRequire text-primary fw-medium d-flex align-items-center gap-1\u0022\n            title=\u0022Accedi`\u0022\n                                            \u003E\n    \n                    \u003Cspan class=\u0022icon-user\u0022\u003E\u003C\/span\u003E\n                \u003Cspan class=\u0022\u0022\u003EAccedi\u003C\/span\u003E\n\n            \u003C\/a\u003E\n    \n        \u003C\/li\u003E\n            \u003Cli\u003E\n                \n                \u003Cspan class=\u0022\u0022\u003Eo\u003C\/span\u003E\n\n            \u003C\/a\u003E\n    \n        \u003C\/li\u003E\n            \u003Cli\u003E\n                        \u003Ca\n            href=\u0022javascript:;\u0022\n            rel=\u0022no-follow\u0022\n            class=\u0022loginRequire text-primary fw-medium d-flex align-items-center gap-1\u0022\n            title=\u0022registrati`\u0022\n                                            \u003E\n    \n                    \u003Cspan class=\u0022icon-user\u0022\u003E\u003C\/span\u003E\n                \u003Cspan class=\u0022\u0022\u003Eregistrati\u003C\/span\u003E\n\n            \u003C\/a\u003E\n    \n        \u003C\/li\u003E\n    \u003C\/ul\u003E\n\n\n\n\n\n\n\n\n\n\n\n    \u003C\/li\u003E\n        \n\u003Cli class=\u0022comment  d-flex flex-column gap-2 border-bottom border-dark-subtle pb-4\u0022 id=\u0022comment-202519\u0022\u003E\n    \u003Cdiv class=\u0022d-flex flex-column gap-2\u0022\u003E\n        \u003Cdiv class=\u0022d-flex align-items-center gap-075\u0022\u003E\n            \n    \n\u003Cdiv class=\u0022user-avatar p-0 user-avatar--small\u0022\u003E\n            \u003Ca href=\u0022#\u0022\n   title=\u0022Visualizza profilo utente.\u0022\n   class=\u0022user-avatar p-0 user-avatar--small\u0022\n\u003E\n                    \u003Cimg data-ot-ignore src=\u0022\/user\/picture\/0\/thumb_7070\u0022 alt=\u0022\u0022 class=\u0022user_avatar w-100 h-100 rounded-pill invisible\u0022 onload=\u0022this.classList.remove(\u0027invisible\u0027)\u0022\u003E\n            \u003C\/a\u003E\n    \u003C\/div\u003E\n\n\n                \n\u003Cdiv class=\u0022\u0022\u003E\n    \u003Ca href=\u0022#\u0022\n   title=\u0022 Ospite - Visualizza profilo utente.\u0022\n   class=\u0022fw-bold\u0022\n\u003E\n                        Ospite\n            \u003C\/a\u003E\n\u003C\/div\u003E\n            \u003Cdiv class=\u0022text-black-50\u0022\u003E\n                22. marzo 2015 - 21:12\n            \u003C\/div\u003E\n        \u003C\/div\u003E\n                                \u003Cdiv class=\u0022content commentContent text-break\u0022\u003E\n                        \u003Cp id=\u0022comment-content-202519\u0022\u003E\n                \u003Cp\u003EBravissima e\u0027 super buono 10 stelline !!!\u003C\/p\u003E\n            \u003C\/p\u003E\n        \u003C\/div\u003E\n    \u003C\/div\u003E\n\n            \n        \n\n\n    \n\n\u003Cul class=\u0022commentActions d-flex gap-3 text-primary\u0022\u003E\n            \u003Cli\u003E\n                        \u003Ca\n            href=\u0022javascript:;\u0022\n            rel=\u0022no-follow\u0022\n            class=\u0022loginRequire text-primary fw-medium d-flex align-items-center gap-1\u0022\n            title=\u0022Accedi`\u0022\n                                            \u003E\n    \n                    \u003Cspan class=\u0022icon-user\u0022\u003E\u003C\/span\u003E\n                \u003Cspan class=\u0022\u0022\u003EAccedi\u003C\/span\u003E\n\n            \u003C\/a\u003E\n    \n        \u003C\/li\u003E\n            \u003Cli\u003E\n                \n                \u003Cspan class=\u0022\u0022\u003Eo\u003C\/span\u003E\n\n            \u003C\/a\u003E\n    \n        \u003C\/li\u003E\n            \u003Cli\u003E\n                        \u003Ca\n            href=\u0022javascript:;\u0022\n            rel=\u0022no-follow\u0022\n            class=\u0022loginRequire text-primary fw-medium d-flex align-items-center gap-1\u0022\n            title=\u0022registrati`\u0022\n                                            \u003E\n    \n                    \u003Cspan class=\u0022icon-user\u0022\u003E\u003C\/span\u003E\n                \u003Cspan class=\u0022\u0022\u003Eregistrati\u003C\/span\u003E\n\n            \u003C\/a\u003E\n    \n        \u003C\/li\u003E\n    \u003C\/ul\u003E\n\n\n\n\n\n\n\n\n\n\n\n    \u003C\/li\u003E\n        \n\u003Cli class=\u0022comment  d-flex flex-column gap-2 border-bottom border-dark-subtle pb-4\u0022 id=\u0022comment-195987\u0022\u003E\n    \u003Cdiv class=\u0022d-flex flex-column gap-2\u0022\u003E\n        \u003Cdiv class=\u0022d-flex align-items-center gap-075\u0022\u003E\n            \n    \n\u003Cdiv class=\u0022user-avatar p-0 user-avatar--small\u0022\u003E\n            \u003Ca href=\u0022\/user\/083dc625-816e-4745-8f11-b5b4aa015780\u0022\n   title=\u0022Visualizza profilo utente.\u0022\n   class=\u0022user-avatar p-0 user-avatar--small\u0022\n\u003E\n                    \u003Cimg data-ot-ignore src=\u0022\/user\/picture\/12134\/thumb_7070\u0022 alt=\u0022\u0022 class=\u0022user_avatar w-100 h-100 rounded-pill invisible\u0022 onload=\u0022this.classList.remove(\u0027invisible\u0027)\u0022\u003E\n            \u003C\/a\u003E\n    \u003C\/div\u003E\n\n\n                \n\u003Cdiv class=\u0022\u0022\u003E\n    \u003Ca href=\u0022\/user\/083dc625-816e-4745-8f11-b5b4aa015780\u0022\n   title=\u0022 rosa47 - Visualizza profilo utente.\u0022\n   class=\u0022fw-bold\u0022\n\u003E\n                        rosa47\n            \u003C\/a\u003E\n\u003C\/div\u003E\n            \u003Cdiv class=\u0022text-black-50\u0022\u003E\n                21. gennaio 2015 - 09:44\n            \u003C\/div\u003E\n        \u003C\/div\u003E\n                                \u003Cdiv class=\u0022content commentContent text-break\u0022\u003E\n                        \u003Cp id=\u0022comment-content-195987\u0022\u003E\n                \u003Cp\u003E\u003Cblockquote\u003E\u003Csmall\u003EConcy69\u003C\/small\u003E\u003C\/p\u003E\u003Cp\u003Estrepitoso ne avevo provato altri ma questo li supera tutti morbido anche il giorno dopo grazie rosa lle tue ricette sono una garanzia \u003Cimg class=\u0022tmrc-icons\u0022 src=\u0022\/bundles\/tmrcfront\/js\/tinymce-plugins\/tmrc_emoticons\/img\/wink.png\u0022 alt=\u0022tmrc_emoticons.;)\u0022 title=\u0022tmrc_emoticons.;)\u0022\/\u003E\u003C\/p\u003E\u003Cp\u003E\u003C\/blockquote\u003E \u0026nbsp;Rimane morbido anche per una settimana , per\u00f2 purtroppo sparisce in un attimo\u003C\/p\u003E\n            \u003C\/p\u003E\n        \u003C\/div\u003E\n    \u003C\/div\u003E\n\n            \n        \n\n\n    \n\n\u003Cul class=\u0022commentActions d-flex gap-3 text-primary\u0022\u003E\n            \u003Cli\u003E\n                        \u003Ca\n            href=\u0022javascript:;\u0022\n            rel=\u0022no-follow\u0022\n            class=\u0022loginRequire text-primary fw-medium d-flex align-items-center gap-1\u0022\n            title=\u0022Accedi`\u0022\n                                            \u003E\n    \n                    \u003Cspan class=\u0022icon-user\u0022\u003E\u003C\/span\u003E\n                \u003Cspan class=\u0022\u0022\u003EAccedi\u003C\/span\u003E\n\n            \u003C\/a\u003E\n    \n        \u003C\/li\u003E\n            \u003Cli\u003E\n                \n                \u003Cspan class=\u0022\u0022\u003Eo\u003C\/span\u003E\n\n            \u003C\/a\u003E\n    \n        \u003C\/li\u003E\n            \u003Cli\u003E\n                        \u003Ca\n            href=\u0022javascript:;\u0022\n            rel=\u0022no-follow\u0022\n            class=\u0022loginRequire text-primary fw-medium d-flex align-items-center gap-1\u0022\n            title=\u0022registrati`\u0022\n                                            \u003E\n    \n                    \u003Cspan class=\u0022icon-user\u0022\u003E\u003C\/span\u003E\n                \u003Cspan class=\u0022\u0022\u003Eregistrati\u003C\/span\u003E\n\n            \u003C\/a\u003E\n    \n        \u003C\/li\u003E\n    \u003C\/ul\u003E\n\n\n\n\n\n\n\n\n\n\n\n    \u003C\/li\u003E\n        \n\u003Cli class=\u0022comment  d-flex flex-column gap-2 border-bottom border-dark-subtle pb-4\u0022 id=\u0022comment-195777\u0022\u003E\n    \u003Cdiv class=\u0022d-flex flex-column gap-2\u0022\u003E\n        \u003Cdiv class=\u0022d-flex align-items-center gap-075\u0022\u003E\n            \n    \n\u003Cdiv class=\u0022user-avatar p-0 user-avatar--small\u0022\u003E\n            \u003Ca href=\u0022\/user\/fcd2bb94-b19c-4ed2-a43e-d133684c1809\u0022\n   title=\u0022Visualizza profilo utente.\u0022\n   class=\u0022user-avatar p-0 user-avatar--small\u0022\n\u003E\n                    \u003Cimg data-ot-ignore src=\u0022\/user\/picture\/76989\/thumb_7070\u0022 alt=\u0022\u0022 class=\u0022user_avatar w-100 h-100 rounded-pill invisible\u0022 onload=\u0022this.classList.remove(\u0027invisible\u0027)\u0022\u003E\n            \u003C\/a\u003E\n    \u003C\/div\u003E\n\n\n                \n\u003Cdiv class=\u0022\u0022\u003E\n    \u003Ca href=\u0022\/user\/fcd2bb94-b19c-4ed2-a43e-d133684c1809\u0022\n   title=\u0022 Concy69 - Visualizza profilo utente.\u0022\n   class=\u0022fw-bold\u0022\n\u003E\n                        Concy69\n            \u003C\/a\u003E\n\u003C\/div\u003E\n            \u003Cdiv class=\u0022text-black-50\u0022\u003E\n                19. gennaio 2015 - 17:03\n            \u003C\/div\u003E\n        \u003C\/div\u003E\n                                                \u003Cdiv class=\u0022item-rating d-flex gap-2 align-items-center\u0022\u003E\n    \u003Cdiv class=\u0022comment-stars comment-edit rating-size-4\u0022 data-id=\u0022xzq8lfzg-14f95-389762-cfcd2-cg61thts\u0022\n         data-average=\u00225\u0022\n         data-rating-titles=\u0022non gradevole|da migliorare|discreta|buona|ottima\u0022\n    \u003E\n        \u003Cinput type=\u0022number\u0022 name=\u0022rating\u0022 class=\u0022comment-rating\u0022 value=\u00225\u0022 readonly \/\u003E\n    \u003C\/div\u003E\n        \u003Cspan class=\u0022fw-semibold rate-amount align-middle\u0022 data-text=\u00225.0\u0022\u003E5.0\u003C\/span\u003E\n\u003C\/div\u003E\n                \u003Cdiv class=\u0022content commentContent text-break\u0022\u003E\n                        \u003Cp id=\u0022comment-content-195777\u0022\u003E\n                \u003Cp\u003Estrepitoso ne avevo provato altri ma questo li supera tutti morbido anche il giorno dopo grazie rosa lle tue ricette sono una garanzia \u003Cimg class=\u0022tmrc-icons\u0022 src=\u0022\/bundles\/tmrcfront\/js\/tinymce-plugins\/tmrc_emoticons\/img\/wink.png\u0022 alt=\u0022tmrc_emoticons.;)\u0022 title=\u0022tmrc_emoticons.;)\u0022\/\u003E\u003C\/p\u003E\n            \u003C\/p\u003E\n        \u003C\/div\u003E\n    \u003C\/div\u003E\n\n            \n        \n\n\n    \n\n\u003Cul class=\u0022commentActions d-flex gap-3 text-primary\u0022\u003E\n            \u003Cli\u003E\n                        \u003Ca\n            href=\u0022javascript:;\u0022\n            rel=\u0022no-follow\u0022\n            class=\u0022loginRequire text-primary fw-medium d-flex align-items-center gap-1\u0022\n            title=\u0022Accedi`\u0022\n                                            \u003E\n    \n                    \u003Cspan class=\u0022icon-user\u0022\u003E\u003C\/span\u003E\n                \u003Cspan class=\u0022\u0022\u003EAccedi\u003C\/span\u003E\n\n            \u003C\/a\u003E\n    \n        \u003C\/li\u003E\n            \u003Cli\u003E\n                \n                \u003Cspan class=\u0022\u0022\u003Eo\u003C\/span\u003E\n\n            \u003C\/a\u003E\n    \n        \u003C\/li\u003E\n            \u003Cli\u003E\n                        \u003Ca\n            href=\u0022javascript:;\u0022\n            rel=\u0022no-follow\u0022\n            class=\u0022loginRequire text-primary fw-medium d-flex align-items-center gap-1\u0022\n            title=\u0022registrati`\u0022\n                                            \u003E\n    \n                    \u003Cspan class=\u0022icon-user\u0022\u003E\u003C\/span\u003E\n                \u003Cspan class=\u0022\u0022\u003Eregistrati\u003C\/span\u003E\n\n            \u003C\/a\u003E\n    \n        \u003C\/li\u003E\n    \u003C\/ul\u003E\n\n\n\n\n\n\n\n\n\n\n\n    \u003C\/li\u003E\n        \n\u003Cli class=\u0022comment  d-flex flex-column gap-2 border-bottom border-dark-subtle pb-4\u0022 id=\u0022comment-181966\u0022\u003E\n    \u003Cdiv class=\u0022d-flex flex-column gap-2\u0022\u003E\n        \u003Cdiv class=\u0022d-flex align-items-center gap-075\u0022\u003E\n            \n    \n\u003Cdiv class=\u0022user-avatar p-0 user-avatar--small\u0022\u003E\n            \u003Ca href=\u0022\/user\/083dc625-816e-4745-8f11-b5b4aa015780\u0022\n   title=\u0022Visualizza profilo utente.\u0022\n   class=\u0022user-avatar p-0 user-avatar--small\u0022\n\u003E\n                    \u003Cimg data-ot-ignore src=\u0022\/user\/picture\/12134\/thumb_7070\u0022 alt=\u0022\u0022 class=\u0022user_avatar w-100 h-100 rounded-pill invisible\u0022 onload=\u0022this.classList.remove(\u0027invisible\u0027)\u0022\u003E\n            \u003C\/a\u003E\n    \u003C\/div\u003E\n\n\n                \n\u003Cdiv class=\u0022\u0022\u003E\n    \u003Ca href=\u0022\/user\/083dc625-816e-4745-8f11-b5b4aa015780\u0022\n   title=\u0022 rosa47 - Visualizza profilo utente.\u0022\n   class=\u0022fw-bold\u0022\n\u003E\n                        rosa47\n            \u003C\/a\u003E\n\u003C\/div\u003E\n            \u003Cdiv class=\u0022text-black-50\u0022\u003E\n                19. agosto 2014 - 20:16\n            \u003C\/div\u003E\n        \u003C\/div\u003E\n                                \u003Cdiv class=\u0022content commentContent text-break\u0022\u003E\n                        \u003Cp id=\u0022comment-content-181966\u0022\u003E\n                \u003Cp\u003EBravissima Sabry \u003Cimg class=\u0022tmrc-icons\u0022 src=\u0022\/bundles\/tmrcfront\/js\/tinymce-plugins\/tmrc_emoticons\/img\/tongue.png\u0022 alt=\u0022tmrc_emoticons.p\u0022 title=\u0022tmrc_emoticons.p\u0022\/\u003E\u003C\/p\u003E\n            \u003C\/p\u003E\n        \u003C\/div\u003E\n    \u003C\/div\u003E\n\n            \n        \n\n\n    \n\n\u003Cul class=\u0022commentActions d-flex gap-3 text-primary\u0022\u003E\n            \u003Cli\u003E\n                        \u003Ca\n            href=\u0022javascript:;\u0022\n            rel=\u0022no-follow\u0022\n            class=\u0022loginRequire text-primary fw-medium d-flex align-items-center gap-1\u0022\n            title=\u0022Accedi`\u0022\n                                            \u003E\n    \n                    \u003Cspan class=\u0022icon-user\u0022\u003E\u003C\/span\u003E\n                \u003Cspan class=\u0022\u0022\u003EAccedi\u003C\/span\u003E\n\n            \u003C\/a\u003E\n    \n        \u003C\/li\u003E\n            \u003Cli\u003E\n                \n                \u003Cspan class=\u0022\u0022\u003Eo\u003C\/span\u003E\n\n            \u003C\/a\u003E\n    \n        \u003C\/li\u003E\n            \u003Cli\u003E\n                        \u003Ca\n            href=\u0022javascript:;\u0022\n            rel=\u0022no-follow\u0022\n            class=\u0022loginRequire text-primary fw-medium d-flex align-items-center gap-1\u0022\n            title=\u0022registrati`\u0022\n                                            \u003E\n    \n                    \u003Cspan class=\u0022icon-user\u0022\u003E\u003C\/span\u003E\n                \u003Cspan class=\u0022\u0022\u003Eregistrati\u003C\/span\u003E\n\n            \u003C\/a\u003E\n    \n        \u003C\/li\u003E\n    \u003C\/ul\u003E\n\n\n\n\n\n\n\n\n\n\n\n    \u003C\/li\u003E\n                                                        \n                \n                                \n        \u003Cnav aria-label=\u0022Page navigation\u0022 class=\u0022pager d-flex justify-content-center py-3\u0022\u003E\n        \u003Cul class=\u0022pagination\u0022\u003E\n                                            \u003Cli class=\u0022page-item\u0022\u003E\n                    \u003Ca class=\u0022page-link icon-double-arrow-left\u0022 href=\u0022\/recipes\/comments\/recipe\/xzq8lfzg-14f95-389762-cfcd2-cg61thts\u0022 rel=\u0022first\u0022\u003E\u003C\/a\u003E\n                \u003C\/li\u003E\n                                \u003Cli class=\u0022page-item\u0022\u003E\n                                                                                    \u003Ca href=\u0022\/recipes\/comments\/recipe\/xzq8lfzg-14f95-389762-cfcd2-cg61thts\u0022 rel=\u0022prev\u0022 class=\u0022page-link icon-arrow-left\u0022\u003E\u003C\/a\u003E\n                \u003C\/li\u003E\n            \n                                                \u003Cli class=\u0022page-item\u0022\u003E\n                                                    \u003Ca href=\u0022\/recipes\/comments\/recipe\/xzq8lfzg-14f95-389762-cfcd2-cg61thts\u0022 class=\u0022page-link\u0022\u003E1\u003C\/a\u003E\n                                            \u003C\/li\u003E\n                                                                \u003Cli class=\u0022page-item\u0022\u003E\u003Cspan class=\u0022page-link bg-secondary-subtle rounded active text-dark z-0\u0022 aria-current=\u0022page\u0022 data-url=\u0022\/recipes\/comments\/recipe\/xzq8lfzg-14f95-389762-cfcd2-cg61thts?page=2\u0022\u003E2\u003C\/span\u003E\u003C\/li\u003E\n                                                                \u003Cli class=\u0022page-item\u0022\u003E\n                                                    \u003Ca href=\u0022\/recipes\/comments\/recipe\/xzq8lfzg-14f95-389762-cfcd2-cg61thts?page=3\u0022 class=\u0022page-link\u0022\u003E3\u003C\/a\u003E\n                                            \u003C\/li\u003E\n                                                                \u003Cli class=\u0022page-item\u0022\u003E\n                                                    \u003Ca href=\u0022\/recipes\/comments\/recipe\/xzq8lfzg-14f95-389762-cfcd2-cg61thts?page=4\u0022 class=\u0022page-link\u0022\u003E4\u003C\/a\u003E\n                                            \u003C\/li\u003E\n                                                                \u003Cli class=\u0022page-item\u0022\u003E\n                                                    \u003Ca href=\u0022\/recipes\/comments\/recipe\/xzq8lfzg-14f95-389762-cfcd2-cg61thts?page=5\u0022 class=\u0022page-link\u0022\u003E5\u003C\/a\u003E\n                                            \u003C\/li\u003E\n                            \n                                            \u003Cli class=\u0022page-item\u0022\u003E\n                    \u003Ca href=\u0022\/recipes\/comments\/recipe\/xzq8lfzg-14f95-389762-cfcd2-cg61thts?page=3\u0022 rel=\u0022next\u0022 class=\u0022page-link icon-arrow-right bg-transparent\u0022\u003E\u003C\/a\u003E\n                \u003C\/li\u003E\n                                \u003Cli class=\u0022page-item\u0022\u003E\n                    \u003Ca href=\u0022\/recipes\/comments\/recipe\/xzq8lfzg-14f95-389762-cfcd2-cg61thts?page=8\u0022 rel=\u0022last\u0022 class=\u0022page-link icon-double-arrow-right bg-transparent\u0022\u003E\u003C\/a\u003E\n                \u003C\/li\u003E\n                    \u003C\/ul\u003E\n    \u003C\/nav\u003E\n","count":75}